{"id":6825,"date":"2026-03-02T12:16:57","date_gmt":"2026-03-02T11:16:57","guid":{"rendered":"https:\/\/weberverpackungen.de\/curso-de-primeros-auxilios\/"},"modified":"2026-07-13T15:35:09","modified_gmt":"2026-07-13T13:35:09","slug":"curso-de-primeros-auxilios","status":"publish","type":"post","link":"https:\/\/www.weberverpackungen.de\/es\/curso-de-primeros-auxilios\/","title":{"rendered":"Curso de primeros auxilios"},"content":{"rendered":"\n<div class=\"wp-block-columns is-layout-flex wp-container-core-columns-is-layout-8f761849 wp-block-columns-is-layout-flex\">\n<div class=\"wp-block-column is-layout-flow wp-block-column-is-layout-flow\" style=\"flex-basis:100%\">\n<div class=\"wp-block-group\"><div class=\"wp-block-group__inner-container is-layout-constrained wp-block-group-is-layout-constrained\">\n<figure class=\"wp-block-gallery has-nested-images columns-default is-cropped wp-block-gallery-1 is-layout-flex wp-block-gallery-is-layout-flex\">\n<figure class=\"wp-block-image size-large\"><img loading=\"lazy\" decoding=\"async\" width=\"819\" height=\"1024\" data-id=\"5346\" src=\"https:\/\/www.weberverpackungen.de\/wp-content\/uploads\/2026\/05\/1-819x1024.png\" alt=\"\" class=\"wp-image-5346\" srcset=\"https:\/\/www.weberverpackungen.de\/wp-content\/uploads\/2026\/05\/1-819x1024.png 819w, https:\/\/www.weberverpackungen.de\/wp-content\/uploads\/2026\/05\/1-240x300.png 240w, https:\/\/www.weberverpackungen.de\/wp-content\/uploads\/2026\/05\/1-768x960.png 768w, https:\/\/www.weberverpackungen.de\/wp-content\/uploads\/2026\/05\/1.png 1080w\" sizes=\"auto, (max-width: 819px) 100vw, 819px\" \/><\/figure>\n\n\n\n<figure class=\"wp-block-image size-large\"><img loading=\"lazy\" decoding=\"async\" width=\"819\" height=\"1024\" data-id=\"5348\" src=\"https:\/\/www.weberverpackungen.de\/wp-content\/uploads\/2026\/05\/3-819x1024.png\" alt=\"\" class=\"wp-image-5348\" srcset=\"https:\/\/www.weberverpackungen.de\/wp-content\/uploads\/2026\/05\/3-819x1024.png 819w, https:\/\/www.weberverpackungen.de\/wp-content\/uploads\/2026\/05\/3-240x300.png 240w, https:\/\/www.weberverpackungen.de\/wp-content\/uploads\/2026\/05\/3-768x960.png 768w, https:\/\/www.weberverpackungen.de\/wp-content\/uploads\/2026\/05\/3.png 1080w\" sizes=\"auto, (max-width: 819px) 100vw, 819px\" \/><\/figure>\n\n\n\n<figure class=\"wp-block-image size-large\"><img loading=\"lazy\" decoding=\"async\" width=\"1080\" height=\"1350\" data-id=\"5349\" src=\"https:\/\/www.weberverpackungen.de\/wp-content\/uploads\/2026\/05\/4-819x1024.png\" alt=\"\" class=\"wp-image-5349\" srcset=\"https:\/\/www.weberverpackungen.de\/wp-content\/uploads\/2026\/05\/4-819x1024.png 819w, https:\/\/www.weberverpackungen.de\/wp-content\/uploads\/2026\/05\/4-240x300.png 240w, https:\/\/www.weberverpackungen.de\/wp-content\/uploads\/2026\/05\/4-768x960.png 768w, https:\/\/www.weberverpackungen.de\/wp-content\/uploads\/2026\/05\/4.png 1080w\" sizes=\"auto, (max-width: 1080px) 100vw, 1080px\" \/><\/figure>\n<\/figure>\n<\/div><\/div>\n<\/div>\n<\/div>\n\n<p class=\"wp-block-paragraph\">La seguridad es lo primero, \u00a1para todos! \ud83e\ude79<\/p>\n\n<p class=\"wp-block-paragraph\">El fin de semana pasado se celebr\u00f3 nuestro curso de primeros auxilios para los nuevos socorristas. En total, m\u00e1s de 40 de nuestros compa\u00f1eros y compa\u00f1eras han refrescado sus conocimientos de primeros auxilios. \ud83d\udcaa As\u00ed, alrededor del 20 % de todo nuestro equipo est\u00e1 formado como socorristas y listo para actuar r\u00e1pido en caso de emergencia.  <\/p>\n\n<p class=\"wp-block-paragraph\">Estos cursos no solo son importantes para la seguridad en WEBER Verpackungen, sino que tambi\u00e9n dan a nuestros empleados la seguridad de poder ayudar de forma adecuada y r\u00e1pida en caso de emergencia, incluso en su vida privada. \ud83d\ude4c<\/p>\n\n<p class=\"wp-block-paragraph\">\u00a1Much\u00edsimas gracias a todos los que hab\u00e9is dedicado vuestro tiempo para que podamos convivir de forma m\u00e1s segura!<\/p>\n\n<p class=\"wp-block-paragraph\"><\/p>\n","protected":false},"excerpt":{"rendered":"<p>La seguridad es lo primero, \u00a1para todos! \ud83e\ude79 El fin de semana pasado se celebr\u00f3 nuestro curso de primeros auxilios para los nuevos socorristas. En total, m\u00e1s de 40 de nuestros compa\u00f1eros y compa\u00f1eras han refrescado sus conocimientos de primeros auxilios. \ud83d\udcaa As\u00ed, alrededor del 20 % de todo nuestro equipo est\u00e1 formado como socorristas [&hellip;]<\/p>\n","protected":false},"author":7,"featured_media":6826,"comment_status":"open","ping_status":"open","sticky":false,"template":"","format":"standard","meta":{"_acf_changed":false,"footnotes":""},"categories":[23],"tags":[],"class_list":["post-6825","post","type-post","status-publish","format-standard","has-post-thumbnail","hentry","category-sin-categorizar"],"acf":[],"yoast_head":"<!-- This site is optimized with the Yoast SEO plugin v28.3 - https:\/\/yoast.com\/product\/yoast-seo-wordpress\/ -->\n<title>Curso de primeros auxilios - WEBER Verpackungen<\/title>\n<meta name=\"robots\" content=\"index, follow, max-snippet:-1, max-image-preview:large, max-video-preview:-1\" \/>\n<link rel=\"canonical\" href=\"https:\/\/www.weberverpackungen.de\/es\/curso-de-primeros-auxilios\/\" \/>\n<meta property=\"og:locale\" content=\"es_ES\" \/>\n<meta property=\"og:type\" content=\"article\" \/>\n<meta property=\"og:title\" content=\"Curso de primeros auxilios - WEBER Verpackungen\" \/>\n<meta property=\"og:description\" content=\"La seguridad es lo primero, \u00a1para todos! \ud83e\ude79 El fin de semana pasado se celebr\u00f3 nuestro curso de primeros auxilios para los nuevos socorristas. En total, m\u00e1s de 40 de nuestros compa\u00f1eros y compa\u00f1eras han refrescado sus conocimientos de primeros auxilios. \ud83d\udcaa As\u00ed, alrededor del 20 % de todo nuestro equipo est\u00e1 formado como socorristas [&hellip;]\" \/>\n<meta property=\"og:url\" content=\"https:\/\/www.weberverpackungen.de\/es\/curso-de-primeros-auxilios\/\" \/>\n<meta property=\"og:site_name\" content=\"WEBER Verpackungen\" \/>\n<meta property=\"article:published_time\" content=\"2026-03-02T11:16:57+00:00\" \/>\n<meta property=\"article:modified_time\" content=\"2026-07-13T13:35:09+00:00\" \/>\n<meta property=\"og:image\" content=\"https:\/\/www.weberverpackungen.de\/wp-content\/uploads\/2026\/05\/1-819x1024.png\" \/>\n\t<meta property=\"og:image:width\" content=\"819\" \/>\n\t<meta property=\"og:image:height\" content=\"1024\" \/>\n\t<meta property=\"og:image:type\" content=\"image\/png\" \/>\n<meta name=\"author\" content=\"Felix Pl\u00fcmper\" \/>\n<meta name=\"twitter:card\" content=\"summary_large_image\" \/>\n<meta name=\"twitter:label1\" content=\"Escrito por\" \/>\n\t<meta name=\"twitter:data1\" content=\"Felix Pl\u00fcmper\" \/>\n\t<meta name=\"twitter:label2\" content=\"Tiempo de lectura\" \/>\n\t<meta name=\"twitter:data2\" content=\"1 minuto\" \/>\n<script type=\"application\/ld+json\" class=\"yoast-schema-graph\">{\"@context\":\"https:\\\/\\\/schema.org\",\"@graph\":[{\"@type\":\"Article\",\"@id\":\"https:\\\/\\\/www.weberverpackungen.de\\\/es\\\/curso-de-primeros-auxilios\\\/#article\",\"isPartOf\":{\"@id\":\"https:\\\/\\\/www.weberverpackungen.de\\\/es\\\/curso-de-primeros-auxilios\\\/\"},\"author\":{\"name\":\"Felix Pl\u00fcmper\",\"@id\":\"https:\\\/\\\/www.weberverpackungen.de\\\/es\\\/#\\\/schema\\\/person\\\/58f6ef86ddffe82c7f24f28720605401\"},\"headline\":\"Curso de primeros auxilios\",\"datePublished\":\"2026-03-02T11:16:57+00:00\",\"dateModified\":\"2026-07-13T13:35:09+00:00\",\"mainEntityOfPage\":{\"@id\":\"https:\\\/\\\/www.weberverpackungen.de\\\/es\\\/curso-de-primeros-auxilios\\\/\"},\"wordCount\":128,\"commentCount\":0,\"image\":{\"@id\":\"https:\\\/\\\/www.weberverpackungen.de\\\/es\\\/curso-de-primeros-auxilios\\\/#primaryimage\"},\"thumbnailUrl\":\"https:\\\/\\\/www.weberverpackungen.de\\\/wp-content\\\/uploads\\\/2026\\\/05\\\/1.png\",\"articleSection\":[\"Sin categorizar\"],\"inLanguage\":\"es\",\"potentialAction\":[{\"@type\":\"CommentAction\",\"name\":\"Comment\",\"target\":[\"https:\\\/\\\/www.weberverpackungen.de\\\/es\\\/curso-de-primeros-auxilios\\\/#respond\"]}]},{\"@type\":\"WebPage\",\"@id\":\"https:\\\/\\\/www.weberverpackungen.de\\\/es\\\/curso-de-primeros-auxilios\\\/\",\"url\":\"https:\\\/\\\/www.weberverpackungen.de\\\/es\\\/curso-de-primeros-auxilios\\\/\",\"name\":\"Curso de primeros auxilios - WEBER Verpackungen\",\"isPartOf\":{\"@id\":\"https:\\\/\\\/www.weberverpackungen.de\\\/es\\\/#website\"},\"primaryImageOfPage\":{\"@id\":\"https:\\\/\\\/www.weberverpackungen.de\\\/es\\\/curso-de-primeros-auxilios\\\/#primaryimage\"},\"image\":{\"@id\":\"https:\\\/\\\/www.weberverpackungen.de\\\/es\\\/curso-de-primeros-auxilios\\\/#primaryimage\"},\"thumbnailUrl\":\"https:\\\/\\\/www.weberverpackungen.de\\\/wp-content\\\/uploads\\\/2026\\\/05\\\/1.png\",\"datePublished\":\"2026-03-02T11:16:57+00:00\",\"dateModified\":\"2026-07-13T13:35:09+00:00\",\"author\":{\"@id\":\"https:\\\/\\\/www.weberverpackungen.de\\\/es\\\/#\\\/schema\\\/person\\\/58f6ef86ddffe82c7f24f28720605401\"},\"breadcrumb\":{\"@id\":\"https:\\\/\\\/www.weberverpackungen.de\\\/es\\\/curso-de-primeros-auxilios\\\/#breadcrumb\"},\"inLanguage\":\"es\",\"potentialAction\":[{\"@type\":\"ReadAction\",\"target\":[\"https:\\\/\\\/www.weberverpackungen.de\\\/es\\\/curso-de-primeros-auxilios\\\/\"]}]},{\"@type\":\"ImageObject\",\"inLanguage\":\"es\",\"@id\":\"https:\\\/\\\/www.weberverpackungen.de\\\/es\\\/curso-de-primeros-auxilios\\\/#primaryimage\",\"url\":\"https:\\\/\\\/www.weberverpackungen.de\\\/wp-content\\\/uploads\\\/2026\\\/05\\\/1.png\",\"contentUrl\":\"https:\\\/\\\/www.weberverpackungen.de\\\/wp-content\\\/uploads\\\/2026\\\/05\\\/1.png\",\"width\":1080,\"height\":1350},{\"@type\":\"BreadcrumbList\",\"@id\":\"https:\\\/\\\/www.weberverpackungen.de\\\/es\\\/curso-de-primeros-auxilios\\\/#breadcrumb\",\"itemListElement\":[{\"@type\":\"ListItem\",\"position\":1,\"name\":\"Start\",\"item\":\"https:\\\/\\\/www.weberverpackungen.de\\\/es\\\/\"},{\"@type\":\"ListItem\",\"position\":2,\"name\":\"Curso de primeros auxilios\"}]},{\"@type\":\"WebSite\",\"@id\":\"https:\\\/\\\/www.weberverpackungen.de\\\/es\\\/#website\",\"url\":\"https:\\\/\\\/www.weberverpackungen.de\\\/es\\\/\",\"name\":\"WEBER Verpackungen\",\"description\":\"paper-based packaging\",\"potentialAction\":[{\"@type\":\"SearchAction\",\"target\":{\"@type\":\"EntryPoint\",\"urlTemplate\":\"https:\\\/\\\/www.weberverpackungen.de\\\/es\\\/?s={search_term_string}\"},\"query-input\":{\"@type\":\"PropertyValueSpecification\",\"valueRequired\":true,\"valueName\":\"search_term_string\"}}],\"inLanguage\":\"es\"},{\"@type\":\"Person\",\"@id\":\"https:\\\/\\\/www.weberverpackungen.de\\\/es\\\/#\\\/schema\\\/person\\\/58f6ef86ddffe82c7f24f28720605401\",\"name\":\"Felix Pl\u00fcmper\",\"image\":{\"@type\":\"ImageObject\",\"inLanguage\":\"es\",\"@id\":\"https:\\\/\\\/secure.gravatar.com\\\/avatar\\\/7f79dc2d7e526ba84ff1ed709aeb3dae85b7eae14bad5e0d05f5488c836a21a4?s=96&d=mm&r=g\",\"url\":\"https:\\\/\\\/secure.gravatar.com\\\/avatar\\\/7f79dc2d7e526ba84ff1ed709aeb3dae85b7eae14bad5e0d05f5488c836a21a4?s=96&d=mm&r=g\",\"contentUrl\":\"https:\\\/\\\/secure.gravatar.com\\\/avatar\\\/7f79dc2d7e526ba84ff1ed709aeb3dae85b7eae14bad5e0d05f5488c836a21a4?s=96&d=mm&r=g\",\"caption\":\"Felix Pl\u00fcmper\"},\"url\":\"https:\\\/\\\/www.weberverpackungen.de\\\/es\\\/author\\\/felix-pluemper\\\/\"}]}<\/script>\n<!-- \/ Yoast SEO plugin. -->","yoast_head_json":{"title":"Curso de primeros auxilios - WEBER Verpackungen","robots":{"index":"index","follow":"follow","max-snippet":"max-snippet:-1","max-image-preview":"max-image-preview:large","max-video-preview":"max-video-preview:-1"},"canonical":"https:\/\/www.weberverpackungen.de\/es\/curso-de-primeros-auxilios\/","og_locale":"es_ES","og_type":"article","og_title":"Curso de primeros auxilios - WEBER Verpackungen","og_description":"La seguridad es lo primero, \u00a1para todos! \ud83e\ude79 El fin de semana pasado se celebr\u00f3 nuestro curso de primeros auxilios para los nuevos socorristas. En total, m\u00e1s de 40 de nuestros compa\u00f1eros y compa\u00f1eras han refrescado sus conocimientos de primeros auxilios. \ud83d\udcaa As\u00ed, alrededor del 20 % de todo nuestro equipo est\u00e1 formado como socorristas [&hellip;]","og_url":"https:\/\/www.weberverpackungen.de\/es\/curso-de-primeros-auxilios\/","og_site_name":"WEBER Verpackungen","article_published_time":"2026-03-02T11:16:57+00:00","article_modified_time":"2026-07-13T13:35:09+00:00","og_image":[{"width":819,"height":1024,"url":"https:\/\/www.weberverpackungen.de\/wp-content\/uploads\/2026\/05\/1-819x1024.png","type":"image\/png"}],"author":"Felix Pl\u00fcmper","twitter_card":"summary_large_image","twitter_misc":{"Escrito por":"Felix Pl\u00fcmper","Tiempo de lectura":"1 minuto"},"schema":{"@context":"https:\/\/schema.org","@graph":[{"@type":"Article","@id":"https:\/\/www.weberverpackungen.de\/es\/curso-de-primeros-auxilios\/#article","isPartOf":{"@id":"https:\/\/www.weberverpackungen.de\/es\/curso-de-primeros-auxilios\/"},"author":{"name":"Felix Pl\u00fcmper","@id":"https:\/\/www.weberverpackungen.de\/es\/#\/schema\/person\/58f6ef86ddffe82c7f24f28720605401"},"headline":"Curso de primeros auxilios","datePublished":"2026-03-02T11:16:57+00:00","dateModified":"2026-07-13T13:35:09+00:00","mainEntityOfPage":{"@id":"https:\/\/www.weberverpackungen.de\/es\/curso-de-primeros-auxilios\/"},"wordCount":128,"commentCount":0,"image":{"@id":"https:\/\/www.weberverpackungen.de\/es\/curso-de-primeros-auxilios\/#primaryimage"},"thumbnailUrl":"https:\/\/www.weberverpackungen.de\/wp-content\/uploads\/2026\/05\/1.png","articleSection":["Sin categorizar"],"inLanguage":"es","potentialAction":[{"@type":"CommentAction","name":"Comment","target":["https:\/\/www.weberverpackungen.de\/es\/curso-de-primeros-auxilios\/#respond"]}]},{"@type":"WebPage","@id":"https:\/\/www.weberverpackungen.de\/es\/curso-de-primeros-auxilios\/","url":"https:\/\/www.weberverpackungen.de\/es\/curso-de-primeros-auxilios\/","name":"Curso de primeros auxilios - WEBER Verpackungen","isPartOf":{"@id":"https:\/\/www.weberverpackungen.de\/es\/#website"},"primaryImageOfPage":{"@id":"https:\/\/www.weberverpackungen.de\/es\/curso-de-primeros-auxilios\/#primaryimage"},"image":{"@id":"https:\/\/www.weberverpackungen.de\/es\/curso-de-primeros-auxilios\/#primaryimage"},"thumbnailUrl":"https:\/\/www.weberverpackungen.de\/wp-content\/uploads\/2026\/05\/1.png","datePublished":"2026-03-02T11:16:57+00:00","dateModified":"2026-07-13T13:35:09+00:00","author":{"@id":"https:\/\/www.weberverpackungen.de\/es\/#\/schema\/person\/58f6ef86ddffe82c7f24f28720605401"},"breadcrumb":{"@id":"https:\/\/www.weberverpackungen.de\/es\/curso-de-primeros-auxilios\/#breadcrumb"},"inLanguage":"es","potentialAction":[{"@type":"ReadAction","target":["https:\/\/www.weberverpackungen.de\/es\/curso-de-primeros-auxilios\/"]}]},{"@type":"ImageObject","inLanguage":"es","@id":"https:\/\/www.weberverpackungen.de\/es\/curso-de-primeros-auxilios\/#primaryimage","url":"https:\/\/www.weberverpackungen.de\/wp-content\/uploads\/2026\/05\/1.png","contentUrl":"https:\/\/www.weberverpackungen.de\/wp-content\/uploads\/2026\/05\/1.png","width":1080,"height":1350},{"@type":"BreadcrumbList","@id":"https:\/\/www.weberverpackungen.de\/es\/curso-de-primeros-auxilios\/#breadcrumb","itemListElement":[{"@type":"ListItem","position":1,"name":"Start","item":"https:\/\/www.weberverpackungen.de\/es\/"},{"@type":"ListItem","position":2,"name":"Curso de primeros auxilios"}]},{"@type":"WebSite","@id":"https:\/\/www.weberverpackungen.de\/es\/#website","url":"https:\/\/www.weberverpackungen.de\/es\/","name":"WEBER Verpackungen","description":"paper-based packaging","potentialAction":[{"@type":"SearchAction","target":{"@type":"EntryPoint","urlTemplate":"https:\/\/www.weberverpackungen.de\/es\/?s={search_term_string}"},"query-input":{"@type":"PropertyValueSpecification","valueRequired":true,"valueName":"search_term_string"}}],"inLanguage":"es"},{"@type":"Person","@id":"https:\/\/www.weberverpackungen.de\/es\/#\/schema\/person\/58f6ef86ddffe82c7f24f28720605401","name":"Felix Pl\u00fcmper","image":{"@type":"ImageObject","inLanguage":"es","@id":"https:\/\/secure.gravatar.com\/avatar\/7f79dc2d7e526ba84ff1ed709aeb3dae85b7eae14bad5e0d05f5488c836a21a4?s=96&d=mm&r=g","url":"https:\/\/secure.gravatar.com\/avatar\/7f79dc2d7e526ba84ff1ed709aeb3dae85b7eae14bad5e0d05f5488c836a21a4?s=96&d=mm&r=g","contentUrl":"https:\/\/secure.gravatar.com\/avatar\/7f79dc2d7e526ba84ff1ed709aeb3dae85b7eae14bad5e0d05f5488c836a21a4?s=96&d=mm&r=g","caption":"Felix Pl\u00fcmper"},"url":"https:\/\/www.weberverpackungen.de\/es\/author\/felix-pluemper\/"}]}},"_links":{"self":[{"href":"https:\/\/www.weberverpackungen.de\/es\/wp-json\/wp\/v2\/posts\/6825","targetHints":{"allow":["GET"]}}],"collection":[{"href":"https:\/\/www.weberverpackungen.de\/es\/wp-json\/wp\/v2\/posts"}],"about":[{"href":"https:\/\/www.weberverpackungen.de\/es\/wp-json\/wp\/v2\/types\/post"}],"author":[{"embeddable":true,"href":"https:\/\/www.weberverpackungen.de\/es\/wp-json\/wp\/v2\/users\/7"}],"replies":[{"embeddable":true,"href":"https:\/\/www.weberverpackungen.de\/es\/wp-json\/wp\/v2\/comments?post=6825"}],"version-history":[{"count":1,"href":"https:\/\/www.weberverpackungen.de\/es\/wp-json\/wp\/v2\/posts\/6825\/revisions"}],"predecessor-version":[{"id":6828,"href":"https:\/\/www.weberverpackungen.de\/es\/wp-json\/wp\/v2\/posts\/6825\/revisions\/6828"}],"wp:featuredmedia":[{"embeddable":true,"href":"https:\/\/www.weberverpackungen.de\/es\/wp-json\/wp\/v2\/media\/6826"}],"wp:attachment":[{"href":"https:\/\/www.weberverpackungen.de\/es\/wp-json\/wp\/v2\/media?parent=6825"}],"wp:term":[{"taxonomy":"category","embeddable":true,"href":"https:\/\/www.weberverpackungen.de\/es\/wp-json\/wp\/v2\/categories?post=6825"},{"taxonomy":"post_tag","embeddable":true,"href":"https:\/\/www.weberverpackungen.de\/es\/wp-json\/wp\/v2\/tags?post=6825"}],"curies":[{"name":"wp","href":"https:\/\/api.w.org\/{rel}","templated":true}]}}