{"id":6845,"date":"2026-02-11T12:09:45","date_gmt":"2026-02-11T11:09:45","guid":{"rendered":"https:\/\/weberverpackungen.de\/ya-estan-aqui-las-fundas-para-cubiertos\/"},"modified":"2026-07-13T15:35:12","modified_gmt":"2026-07-13T13:35:12","slug":"ya-estan-aqui-las-fundas-para-cubiertos","status":"publish","type":"post","link":"https:\/\/www.weberverpackungen.de\/es\/ya-estan-aqui-las-fundas-para-cubiertos\/","title":{"rendered":"\u00a1Ya est\u00e1n aqu\u00ed las fundas para cubiertos!"},"content":{"rendered":"\n<figure class=\"wp-block-image size-large is-resized\"><img loading=\"lazy\" decoding=\"async\" width=\"819\" height=\"1024\" src=\"https:\/\/www.weberverpackungen.de\/wp-content\/uploads\/2026\/05\/NEW-DESIGNS-819x1024.png\" alt=\"\" class=\"wp-image-5340\" style=\"aspect-ratio:0.7998103897782853;width:496px;height:auto\" srcset=\"https:\/\/www.weberverpackungen.de\/wp-content\/uploads\/2026\/05\/NEW-DESIGNS-819x1024.png 819w, https:\/\/www.weberverpackungen.de\/wp-content\/uploads\/2026\/05\/NEW-DESIGNS-240x300.png 240w, https:\/\/www.weberverpackungen.de\/wp-content\/uploads\/2026\/05\/NEW-DESIGNS-768x960.png 768w, https:\/\/www.weberverpackungen.de\/wp-content\/uploads\/2026\/05\/NEW-DESIGNS.png 1080w\" sizes=\"auto, (max-width: 819px) 100vw, 819px\" \/><\/figure>\n\n<p class=\"wp-block-paragraph\">Nuestra bolsa para cubiertos es la soluci\u00f3n para repartir cubiertos sin contacto: higi\u00e9nica y segura.<br\/>Los requisitos de higiene para los establecimientos de restauraci\u00f3n son y seguir\u00e1n siendo muy exigentes. Queremos ayudarte a cumplirlos.<br\/>Nuestra bolsita para cubiertos es la soluci\u00f3n \u00f3ptima para empaquetar los cubiertos de forma econ\u00f3mica e higi\u00e9nica: est\u00e1 hecha \u00edntegramente de papel y es 100 % reciclable. Su f\u00e1cil manejo la convierte en LA soluci\u00f3n de embalaje ideal tanto para el personal como para los clientes.  <\/p>\n\n<p class=\"wp-block-paragraph\"><\/p>\n","protected":false},"excerpt":{"rendered":"<p>Nuestra bolsa para cubiertos es la soluci\u00f3n para repartir cubiertos sin contacto: higi\u00e9nica y segura.Los requisitos de higiene para los establecimientos de restauraci\u00f3n son y seguir\u00e1n siendo muy exigentes. Queremos ayudarte a cumplirlos.Nuestra bolsita para cubiertos es la soluci\u00f3n \u00f3ptima para empaquetar los cubiertos de forma econ\u00f3mica e higi\u00e9nica: est\u00e1 hecha \u00edntegramente de papel y [&hellip;]<\/p>\n","protected":false},"author":7,"featured_media":6846,"comment_status":"open","ping_status":"open","sticky":false,"template":"","format":"standard","meta":{"_acf_changed":false,"footnotes":""},"categories":[23],"tags":[],"class_list":["post-6845","post","type-post","status-publish","format-standard","has-post-thumbnail","hentry","category-sin-categorizar"],"acf":[],"yoast_head":"<!-- This site is optimized with the Yoast SEO plugin v28.3 - https:\/\/yoast.com\/product\/yoast-seo-wordpress\/ -->\n<title>\u00a1Ya est\u00e1n aqu\u00ed las fundas para cubiertos! - WEBER Verpackungen<\/title>\n<meta name=\"robots\" content=\"index, follow, max-snippet:-1, max-image-preview:large, max-video-preview:-1\" \/>\n<link rel=\"canonical\" href=\"https:\/\/www.weberverpackungen.de\/es\/ya-estan-aqui-las-fundas-para-cubiertos\/\" \/>\n<meta property=\"og:locale\" content=\"es_ES\" \/>\n<meta property=\"og:type\" content=\"article\" \/>\n<meta property=\"og:title\" content=\"\u00a1Ya est\u00e1n aqu\u00ed las fundas para cubiertos! - WEBER Verpackungen\" \/>\n<meta property=\"og:description\" content=\"Nuestra bolsa para cubiertos es la soluci\u00f3n para repartir cubiertos sin contacto: higi\u00e9nica y segura.Los requisitos de higiene para los establecimientos de restauraci\u00f3n son y seguir\u00e1n siendo muy exigentes. Queremos ayudarte a cumplirlos.Nuestra bolsita para cubiertos es la soluci\u00f3n \u00f3ptima para empaquetar los cubiertos de forma econ\u00f3mica e higi\u00e9nica: est\u00e1 hecha \u00edntegramente de papel y [&hellip;]\" \/>\n<meta property=\"og:url\" content=\"https:\/\/www.weberverpackungen.de\/es\/ya-estan-aqui-las-fundas-para-cubiertos\/\" \/>\n<meta property=\"og:site_name\" content=\"WEBER Verpackungen\" \/>\n<meta property=\"article:published_time\" content=\"2026-02-11T11:09:45+00:00\" \/>\n<meta property=\"article:modified_time\" content=\"2026-07-13T13:35:12+00:00\" \/>\n<meta property=\"og:image\" content=\"https:\/\/www.weberverpackungen.de\/wp-content\/uploads\/2026\/05\/NEW-DESIGNS.png\" \/>\n\t<meta property=\"og:image:width\" content=\"1080\" \/>\n\t<meta property=\"og:image:height\" content=\"1350\" \/>\n\t<meta property=\"og:image:type\" content=\"image\/png\" \/>\n<meta name=\"author\" content=\"Felix Pl\u00fcmper\" \/>\n<meta name=\"twitter:card\" content=\"summary_large_image\" \/>\n<meta name=\"twitter:label1\" content=\"Escrito por\" \/>\n\t<meta name=\"twitter:data1\" content=\"Felix Pl\u00fcmper\" \/>\n<script type=\"application\/ld+json\" class=\"yoast-schema-graph\">{\"@context\":\"https:\\\/\\\/schema.org\",\"@graph\":[{\"@type\":\"Article\",\"@id\":\"https:\\\/\\\/www.weberverpackungen.de\\\/es\\\/ya-estan-aqui-las-fundas-para-cubiertos\\\/#article\",\"isPartOf\":{\"@id\":\"https:\\\/\\\/www.weberverpackungen.de\\\/es\\\/ya-estan-aqui-las-fundas-para-cubiertos\\\/\"},\"author\":{\"name\":\"Felix Pl\u00fcmper\",\"@id\":\"https:\\\/\\\/www.weberverpackungen.de\\\/es\\\/#\\\/schema\\\/person\\\/58f6ef86ddffe82c7f24f28720605401\"},\"headline\":\"\u00a1Ya est\u00e1n aqu\u00ed las fundas para cubiertos!\",\"datePublished\":\"2026-02-11T11:09:45+00:00\",\"dateModified\":\"2026-07-13T13:35:12+00:00\",\"mainEntityOfPage\":{\"@id\":\"https:\\\/\\\/www.weberverpackungen.de\\\/es\\\/ya-estan-aqui-las-fundas-para-cubiertos\\\/\"},\"wordCount\":95,\"commentCount\":0,\"image\":{\"@id\":\"https:\\\/\\\/www.weberverpackungen.de\\\/es\\\/ya-estan-aqui-las-fundas-para-cubiertos\\\/#primaryimage\"},\"thumbnailUrl\":\"https:\\\/\\\/www.weberverpackungen.de\\\/wp-content\\\/uploads\\\/2026\\\/05\\\/NEW-DESIGNS.png\",\"articleSection\":[\"Sin categorizar\"],\"inLanguage\":\"es\",\"potentialAction\":[{\"@type\":\"CommentAction\",\"name\":\"Comment\",\"target\":[\"https:\\\/\\\/www.weberverpackungen.de\\\/es\\\/ya-estan-aqui-las-fundas-para-cubiertos\\\/#respond\"]}]},{\"@type\":\"WebPage\",\"@id\":\"https:\\\/\\\/www.weberverpackungen.de\\\/es\\\/ya-estan-aqui-las-fundas-para-cubiertos\\\/\",\"url\":\"https:\\\/\\\/www.weberverpackungen.de\\\/es\\\/ya-estan-aqui-las-fundas-para-cubiertos\\\/\",\"name\":\"\u00a1Ya est\u00e1n aqu\u00ed las fundas para cubiertos! - WEBER Verpackungen\",\"isPartOf\":{\"@id\":\"https:\\\/\\\/www.weberverpackungen.de\\\/es\\\/#website\"},\"primaryImageOfPage\":{\"@id\":\"https:\\\/\\\/www.weberverpackungen.de\\\/es\\\/ya-estan-aqui-las-fundas-para-cubiertos\\\/#primaryimage\"},\"image\":{\"@id\":\"https:\\\/\\\/www.weberverpackungen.de\\\/es\\\/ya-estan-aqui-las-fundas-para-cubiertos\\\/#primaryimage\"},\"thumbnailUrl\":\"https:\\\/\\\/www.weberverpackungen.de\\\/wp-content\\\/uploads\\\/2026\\\/05\\\/NEW-DESIGNS.png\",\"datePublished\":\"2026-02-11T11:09:45+00:00\",\"dateModified\":\"2026-07-13T13:35:12+00:00\",\"author\":{\"@id\":\"https:\\\/\\\/www.weberverpackungen.de\\\/es\\\/#\\\/schema\\\/person\\\/58f6ef86ddffe82c7f24f28720605401\"},\"breadcrumb\":{\"@id\":\"https:\\\/\\\/www.weberverpackungen.de\\\/es\\\/ya-estan-aqui-las-fundas-para-cubiertos\\\/#breadcrumb\"},\"inLanguage\":\"es\",\"potentialAction\":[{\"@type\":\"ReadAction\",\"target\":[\"https:\\\/\\\/www.weberverpackungen.de\\\/es\\\/ya-estan-aqui-las-fundas-para-cubiertos\\\/\"]}]},{\"@type\":\"ImageObject\",\"inLanguage\":\"es\",\"@id\":\"https:\\\/\\\/www.weberverpackungen.de\\\/es\\\/ya-estan-aqui-las-fundas-para-cubiertos\\\/#primaryimage\",\"url\":\"https:\\\/\\\/www.weberverpackungen.de\\\/wp-content\\\/uploads\\\/2026\\\/05\\\/NEW-DESIGNS.png\",\"contentUrl\":\"https:\\\/\\\/www.weberverpackungen.de\\\/wp-content\\\/uploads\\\/2026\\\/05\\\/NEW-DESIGNS.png\",\"width\":1080,\"height\":1350},{\"@type\":\"BreadcrumbList\",\"@id\":\"https:\\\/\\\/www.weberverpackungen.de\\\/es\\\/ya-estan-aqui-las-fundas-para-cubiertos\\\/#breadcrumb\",\"itemListElement\":[{\"@type\":\"ListItem\",\"position\":1,\"name\":\"Start\",\"item\":\"https:\\\/\\\/www.weberverpackungen.de\\\/es\\\/\"},{\"@type\":\"ListItem\",\"position\":2,\"name\":\"\u00a1Ya est\u00e1n aqu\u00ed las fundas para cubiertos!\"}]},{\"@type\":\"WebSite\",\"@id\":\"https:\\\/\\\/www.weberverpackungen.de\\\/es\\\/#website\",\"url\":\"https:\\\/\\\/www.weberverpackungen.de\\\/es\\\/\",\"name\":\"WEBER Verpackungen\",\"description\":\"paper-based packaging\",\"potentialAction\":[{\"@type\":\"SearchAction\",\"target\":{\"@type\":\"EntryPoint\",\"urlTemplate\":\"https:\\\/\\\/www.weberverpackungen.de\\\/es\\\/?s={search_term_string}\"},\"query-input\":{\"@type\":\"PropertyValueSpecification\",\"valueRequired\":true,\"valueName\":\"search_term_string\"}}],\"inLanguage\":\"es\"},{\"@type\":\"Person\",\"@id\":\"https:\\\/\\\/www.weberverpackungen.de\\\/es\\\/#\\\/schema\\\/person\\\/58f6ef86ddffe82c7f24f28720605401\",\"name\":\"Felix Pl\u00fcmper\",\"image\":{\"@type\":\"ImageObject\",\"inLanguage\":\"es\",\"@id\":\"https:\\\/\\\/secure.gravatar.com\\\/avatar\\\/7f79dc2d7e526ba84ff1ed709aeb3dae85b7eae14bad5e0d05f5488c836a21a4?s=96&d=mm&r=g\",\"url\":\"https:\\\/\\\/secure.gravatar.com\\\/avatar\\\/7f79dc2d7e526ba84ff1ed709aeb3dae85b7eae14bad5e0d05f5488c836a21a4?s=96&d=mm&r=g\",\"contentUrl\":\"https:\\\/\\\/secure.gravatar.com\\\/avatar\\\/7f79dc2d7e526ba84ff1ed709aeb3dae85b7eae14bad5e0d05f5488c836a21a4?s=96&d=mm&r=g\",\"caption\":\"Felix Pl\u00fcmper\"},\"url\":\"https:\\\/\\\/www.weberverpackungen.de\\\/es\\\/author\\\/felix-pluemper\\\/\"}]}<\/script>\n<!-- \/ Yoast SEO plugin. -->","yoast_head_json":{"title":"\u00a1Ya est\u00e1n aqu\u00ed las fundas para cubiertos! - WEBER Verpackungen","robots":{"index":"index","follow":"follow","max-snippet":"max-snippet:-1","max-image-preview":"max-image-preview:large","max-video-preview":"max-video-preview:-1"},"canonical":"https:\/\/www.weberverpackungen.de\/es\/ya-estan-aqui-las-fundas-para-cubiertos\/","og_locale":"es_ES","og_type":"article","og_title":"\u00a1Ya est\u00e1n aqu\u00ed las fundas para cubiertos! - WEBER Verpackungen","og_description":"Nuestra bolsa para cubiertos es la soluci\u00f3n para repartir cubiertos sin contacto: higi\u00e9nica y segura.Los requisitos de higiene para los establecimientos de restauraci\u00f3n son y seguir\u00e1n siendo muy exigentes. Queremos ayudarte a cumplirlos.Nuestra bolsita para cubiertos es la soluci\u00f3n \u00f3ptima para empaquetar los cubiertos de forma econ\u00f3mica e higi\u00e9nica: est\u00e1 hecha \u00edntegramente de papel y [&hellip;]","og_url":"https:\/\/www.weberverpackungen.de\/es\/ya-estan-aqui-las-fundas-para-cubiertos\/","og_site_name":"WEBER Verpackungen","article_published_time":"2026-02-11T11:09:45+00:00","article_modified_time":"2026-07-13T13:35:12+00:00","og_image":[{"width":1080,"height":1350,"url":"https:\/\/www.weberverpackungen.de\/wp-content\/uploads\/2026\/05\/NEW-DESIGNS.png","type":"image\/png"}],"author":"Felix Pl\u00fcmper","twitter_card":"summary_large_image","twitter_misc":{"Escrito por":"Felix Pl\u00fcmper"},"schema":{"@context":"https:\/\/schema.org","@graph":[{"@type":"Article","@id":"https:\/\/www.weberverpackungen.de\/es\/ya-estan-aqui-las-fundas-para-cubiertos\/#article","isPartOf":{"@id":"https:\/\/www.weberverpackungen.de\/es\/ya-estan-aqui-las-fundas-para-cubiertos\/"},"author":{"name":"Felix Pl\u00fcmper","@id":"https:\/\/www.weberverpackungen.de\/es\/#\/schema\/person\/58f6ef86ddffe82c7f24f28720605401"},"headline":"\u00a1Ya est\u00e1n aqu\u00ed las fundas para cubiertos!","datePublished":"2026-02-11T11:09:45+00:00","dateModified":"2026-07-13T13:35:12+00:00","mainEntityOfPage":{"@id":"https:\/\/www.weberverpackungen.de\/es\/ya-estan-aqui-las-fundas-para-cubiertos\/"},"wordCount":95,"commentCount":0,"image":{"@id":"https:\/\/www.weberverpackungen.de\/es\/ya-estan-aqui-las-fundas-para-cubiertos\/#primaryimage"},"thumbnailUrl":"https:\/\/www.weberverpackungen.de\/wp-content\/uploads\/2026\/05\/NEW-DESIGNS.png","articleSection":["Sin categorizar"],"inLanguage":"es","potentialAction":[{"@type":"CommentAction","name":"Comment","target":["https:\/\/www.weberverpackungen.de\/es\/ya-estan-aqui-las-fundas-para-cubiertos\/#respond"]}]},{"@type":"WebPage","@id":"https:\/\/www.weberverpackungen.de\/es\/ya-estan-aqui-las-fundas-para-cubiertos\/","url":"https:\/\/www.weberverpackungen.de\/es\/ya-estan-aqui-las-fundas-para-cubiertos\/","name":"\u00a1Ya est\u00e1n aqu\u00ed las fundas para cubiertos! - WEBER Verpackungen","isPartOf":{"@id":"https:\/\/www.weberverpackungen.de\/es\/#website"},"primaryImageOfPage":{"@id":"https:\/\/www.weberverpackungen.de\/es\/ya-estan-aqui-las-fundas-para-cubiertos\/#primaryimage"},"image":{"@id":"https:\/\/www.weberverpackungen.de\/es\/ya-estan-aqui-las-fundas-para-cubiertos\/#primaryimage"},"thumbnailUrl":"https:\/\/www.weberverpackungen.de\/wp-content\/uploads\/2026\/05\/NEW-DESIGNS.png","datePublished":"2026-02-11T11:09:45+00:00","dateModified":"2026-07-13T13:35:12+00:00","author":{"@id":"https:\/\/www.weberverpackungen.de\/es\/#\/schema\/person\/58f6ef86ddffe82c7f24f28720605401"},"breadcrumb":{"@id":"https:\/\/www.weberverpackungen.de\/es\/ya-estan-aqui-las-fundas-para-cubiertos\/#breadcrumb"},"inLanguage":"es","potentialAction":[{"@type":"ReadAction","target":["https:\/\/www.weberverpackungen.de\/es\/ya-estan-aqui-las-fundas-para-cubiertos\/"]}]},{"@type":"ImageObject","inLanguage":"es","@id":"https:\/\/www.weberverpackungen.de\/es\/ya-estan-aqui-las-fundas-para-cubiertos\/#primaryimage","url":"https:\/\/www.weberverpackungen.de\/wp-content\/uploads\/2026\/05\/NEW-DESIGNS.png","contentUrl":"https:\/\/www.weberverpackungen.de\/wp-content\/uploads\/2026\/05\/NEW-DESIGNS.png","width":1080,"height":1350},{"@type":"BreadcrumbList","@id":"https:\/\/www.weberverpackungen.de\/es\/ya-estan-aqui-las-fundas-para-cubiertos\/#breadcrumb","itemListElement":[{"@type":"ListItem","position":1,"name":"Start","item":"https:\/\/www.weberverpackungen.de\/es\/"},{"@type":"ListItem","position":2,"name":"\u00a1Ya est\u00e1n aqu\u00ed las fundas para cubiertos!"}]},{"@type":"WebSite","@id":"https:\/\/www.weberverpackungen.de\/es\/#website","url":"https:\/\/www.weberverpackungen.de\/es\/","name":"WEBER Verpackungen","description":"paper-based packaging","potentialAction":[{"@type":"SearchAction","target":{"@type":"EntryPoint","urlTemplate":"https:\/\/www.weberverpackungen.de\/es\/?s={search_term_string}"},"query-input":{"@type":"PropertyValueSpecification","valueRequired":true,"valueName":"search_term_string"}}],"inLanguage":"es"},{"@type":"Person","@id":"https:\/\/www.weberverpackungen.de\/es\/#\/schema\/person\/58f6ef86ddffe82c7f24f28720605401","name":"Felix Pl\u00fcmper","image":{"@type":"ImageObject","inLanguage":"es","@id":"https:\/\/secure.gravatar.com\/avatar\/7f79dc2d7e526ba84ff1ed709aeb3dae85b7eae14bad5e0d05f5488c836a21a4?s=96&d=mm&r=g","url":"https:\/\/secure.gravatar.com\/avatar\/7f79dc2d7e526ba84ff1ed709aeb3dae85b7eae14bad5e0d05f5488c836a21a4?s=96&d=mm&r=g","contentUrl":"https:\/\/secure.gravatar.com\/avatar\/7f79dc2d7e526ba84ff1ed709aeb3dae85b7eae14bad5e0d05f5488c836a21a4?s=96&d=mm&r=g","caption":"Felix Pl\u00fcmper"},"url":"https:\/\/www.weberverpackungen.de\/es\/author\/felix-pluemper\/"}]}},"_links":{"self":[{"href":"https:\/\/www.weberverpackungen.de\/es\/wp-json\/wp\/v2\/posts\/6845","targetHints":{"allow":["GET"]}}],"collection":[{"href":"https:\/\/www.weberverpackungen.de\/es\/wp-json\/wp\/v2\/posts"}],"about":[{"href":"https:\/\/www.weberverpackungen.de\/es\/wp-json\/wp\/v2\/types\/post"}],"author":[{"embeddable":true,"href":"https:\/\/www.weberverpackungen.de\/es\/wp-json\/wp\/v2\/users\/7"}],"replies":[{"embeddable":true,"href":"https:\/\/www.weberverpackungen.de\/es\/wp-json\/wp\/v2\/comments?post=6845"}],"version-history":[{"count":1,"href":"https:\/\/www.weberverpackungen.de\/es\/wp-json\/wp\/v2\/posts\/6845\/revisions"}],"predecessor-version":[{"id":6848,"href":"https:\/\/www.weberverpackungen.de\/es\/wp-json\/wp\/v2\/posts\/6845\/revisions\/6848"}],"wp:featuredmedia":[{"embeddable":true,"href":"https:\/\/www.weberverpackungen.de\/es\/wp-json\/wp\/v2\/media\/6846"}],"wp:attachment":[{"href":"https:\/\/www.weberverpackungen.de\/es\/wp-json\/wp\/v2\/media?parent=6845"}],"wp:term":[{"taxonomy":"category","embeddable":true,"href":"https:\/\/www.weberverpackungen.de\/es\/wp-json\/wp\/v2\/categories?post=6845"},{"taxonomy":"post_tag","embeddable":true,"href":"https:\/\/www.weberverpackungen.de\/es\/wp-json\/wp\/v2\/tags?post=6845"}],"curies":[{"name":"wp","href":"https:\/\/api.w.org\/{rel}","templated":true}]}}