{"id":7391,"date":"2025-11-05T11:43:39","date_gmt":"2025-11-05T10:43:39","guid":{"rendered":"https:\/\/weberverpackungen.de\/dia-de-la-formacion\/"},"modified":"2026-07-13T15:36:47","modified_gmt":"2026-07-13T13:36:47","slug":"dia-de-la-formacion","status":"publish","type":"post","link":"https:\/\/www.weberverpackungen.de\/es\/dia-de-la-formacion\/","title":{"rendered":"D\u00eda de la formaci\u00f3n"},"content":{"rendered":"\n<figure class=\"wp-block-image size-large\"><img loading=\"lazy\" decoding=\"async\" width=\"1024\" height=\"657\" src=\"https:\/\/www.weberverpackungen.de\/wp-content\/uploads\/2026\/05\/Tag-der-Ausbildung-1024x657.png\" alt=\"\" class=\"wp-image-5336\" style=\"aspect-ratio:1.5586222892264874\" srcset=\"https:\/\/www.weberverpackungen.de\/wp-content\/uploads\/2026\/05\/Tag-der-Ausbildung-1024x657.png 1024w, https:\/\/www.weberverpackungen.de\/wp-content\/uploads\/2026\/05\/Tag-der-Ausbildung-300x192.png 300w, https:\/\/www.weberverpackungen.de\/wp-content\/uploads\/2026\/05\/Tag-der-Ausbildung-768x493.png 768w, https:\/\/www.weberverpackungen.de\/wp-content\/uploads\/2026\/05\/Tag-der-Ausbildung.png 1060w\" sizes=\"auto, (max-width: 1024px) 100vw, 1024px\" \/><\/figure>\n\n<p class=\"wp-block-paragraph\"><\/p>\n\n<p class=\"wp-block-paragraph\">\u00a1D\u00cdA DE LA FORMACI\u00d3N el S\u00c1BADO, 15 de noviembre de 2025!<\/p>\n\n<p class=\"wp-block-paragraph\">Junto con Hillebrand Coating y WHW Hillebrand, organizamos una jornada dedicada a la formaci\u00f3n.<\/p>\n\n<p class=\"wp-block-paragraph\">\u00bfQu\u00e9 te espera?<br\/>\u2013 Visita guiada por la empresa: \u00a1Te ense\u00f1aremos lo interesantes y variadas que son las profesiones que ofrecemos!<br\/>\u2013 Profesiones con formaci\u00f3n profesional en primer plano:<br\/>o T\u00e9cnico en tecnolog\u00edas de impresi\u00f3n (h\/m\/d<br\/>o Operario de m\u00e1quinas e instalaciones (h\/m\/d<br\/>o T\u00e9cnico en log\u00edstica (h\/m\/d<\/p>\n\n<p class=\"wp-block-paragraph\">\u00bfY lo mejor de todo? \u00a1Quien visite las tres empresas y consiga los sellos tendr\u00e1 la oportunidad de participar en un sorteo con premios geniales! <\/p>\n\n<p class=\"wp-block-paragraph\">\u00a1P\u00e1sate por aqu\u00ed, ven a conocernos y quiz\u00e1 encuentres el trabajo de tus sue\u00f1os!<\/p>\n\n<p class=\"wp-block-paragraph\">\u00bfCu\u00e1ndo? 15 de noviembre de 2025 | 10:00 \u2013 15:00 h<br\/>\u00bfD\u00f3nde? En nuestras instalaciones y en las de nuestros socios  <\/p>\n","protected":false},"excerpt":{"rendered":"<p>\u00a1D\u00cdA DE LA FORMACI\u00d3N el S\u00c1BADO, 15 de noviembre de 2025! Junto con Hillebrand Coating y WHW Hillebrand, organizamos una jornada dedicada a la formaci\u00f3n. \u00bfQu\u00e9 te espera?\u2013 Visita guiada por la empresa: \u00a1Te ense\u00f1aremos lo interesantes y variadas que son las profesiones que ofrecemos!\u2013 Profesiones con formaci\u00f3n profesional en primer plano:o T\u00e9cnico en tecnolog\u00edas [&hellip;]<\/p>\n","protected":false},"author":7,"featured_media":7392,"comment_status":"open","ping_status":"open","sticky":false,"template":"","format":"standard","meta":{"_acf_changed":false,"footnotes":""},"categories":[23],"tags":[],"class_list":["post-7391","post","type-post","status-publish","format-standard","has-post-thumbnail","hentry","category-sin-categorizar"],"acf":[],"yoast_head":"<!-- This site is optimized with the Yoast SEO plugin v28.3 - https:\/\/yoast.com\/product\/yoast-seo-wordpress\/ -->\n<title>D\u00eda de la formaci\u00f3n - WEBER Verpackungen<\/title>\n<meta name=\"robots\" content=\"index, follow, max-snippet:-1, max-image-preview:large, max-video-preview:-1\" \/>\n<link rel=\"canonical\" href=\"https:\/\/www.weberverpackungen.de\/es\/dia-de-la-formacion\/\" \/>\n<meta property=\"og:locale\" content=\"es_ES\" \/>\n<meta property=\"og:type\" content=\"article\" \/>\n<meta property=\"og:title\" content=\"D\u00eda de la formaci\u00f3n - WEBER Verpackungen\" \/>\n<meta property=\"og:description\" content=\"\u00a1D\u00cdA DE LA FORMACI\u00d3N el S\u00c1BADO, 15 de noviembre de 2025! Junto con Hillebrand Coating y WHW Hillebrand, organizamos una jornada dedicada a la formaci\u00f3n. \u00bfQu\u00e9 te espera?\u2013 Visita guiada por la empresa: \u00a1Te ense\u00f1aremos lo interesantes y variadas que son las profesiones que ofrecemos!\u2013 Profesiones con formaci\u00f3n profesional en primer plano:o T\u00e9cnico en tecnolog\u00edas [&hellip;]\" \/>\n<meta property=\"og:url\" content=\"https:\/\/www.weberverpackungen.de\/es\/dia-de-la-formacion\/\" \/>\n<meta property=\"og:site_name\" content=\"WEBER Verpackungen\" \/>\n<meta property=\"article:published_time\" content=\"2025-11-05T10:43:39+00:00\" \/>\n<meta property=\"article:modified_time\" content=\"2026-07-13T13:36:47+00:00\" \/>\n<meta property=\"og:image\" content=\"https:\/\/www.weberverpackungen.de\/wp-content\/uploads\/2026\/05\/Tag-der-Ausbildung.png\" \/>\n\t<meta property=\"og:image:width\" content=\"1060\" \/>\n\t<meta property=\"og:image:height\" content=\"680\" \/>\n\t<meta property=\"og:image:type\" content=\"image\/png\" \/>\n<meta name=\"author\" content=\"Felix Pl\u00fcmper\" \/>\n<meta name=\"twitter:card\" content=\"summary_large_image\" \/>\n<meta name=\"twitter:label1\" content=\"Escrito por\" \/>\n\t<meta name=\"twitter:data1\" content=\"Felix Pl\u00fcmper\" \/>\n\t<meta name=\"twitter:label2\" content=\"Tiempo de lectura\" \/>\n\t<meta name=\"twitter:data2\" content=\"1 minuto\" \/>\n<script type=\"application\/ld+json\" class=\"yoast-schema-graph\">{\"@context\":\"https:\\\/\\\/schema.org\",\"@graph\":[{\"@type\":\"Article\",\"@id\":\"https:\\\/\\\/www.weberverpackungen.de\\\/es\\\/dia-de-la-formacion\\\/#article\",\"isPartOf\":{\"@id\":\"https:\\\/\\\/www.weberverpackungen.de\\\/es\\\/dia-de-la-formacion\\\/\"},\"author\":{\"name\":\"Felix Pl\u00fcmper\",\"@id\":\"https:\\\/\\\/www.weberverpackungen.de\\\/es\\\/#\\\/schema\\\/person\\\/58f6ef86ddffe82c7f24f28720605401\"},\"headline\":\"D\u00eda de la formaci\u00f3n\",\"datePublished\":\"2025-11-05T10:43:39+00:00\",\"dateModified\":\"2026-07-13T13:36:47+00:00\",\"mainEntityOfPage\":{\"@id\":\"https:\\\/\\\/www.weberverpackungen.de\\\/es\\\/dia-de-la-formacion\\\/\"},\"wordCount\":151,\"commentCount\":0,\"image\":{\"@id\":\"https:\\\/\\\/www.weberverpackungen.de\\\/es\\\/dia-de-la-formacion\\\/#primaryimage\"},\"thumbnailUrl\":\"https:\\\/\\\/www.weberverpackungen.de\\\/wp-content\\\/uploads\\\/2026\\\/05\\\/Tag-der-Ausbildung.png\",\"articleSection\":[\"Sin categorizar\"],\"inLanguage\":\"es\",\"potentialAction\":[{\"@type\":\"CommentAction\",\"name\":\"Comment\",\"target\":[\"https:\\\/\\\/www.weberverpackungen.de\\\/es\\\/dia-de-la-formacion\\\/#respond\"]}]},{\"@type\":\"WebPage\",\"@id\":\"https:\\\/\\\/www.weberverpackungen.de\\\/es\\\/dia-de-la-formacion\\\/\",\"url\":\"https:\\\/\\\/www.weberverpackungen.de\\\/es\\\/dia-de-la-formacion\\\/\",\"name\":\"D\u00eda de la formaci\u00f3n - WEBER Verpackungen\",\"isPartOf\":{\"@id\":\"https:\\\/\\\/www.weberverpackungen.de\\\/es\\\/#website\"},\"primaryImageOfPage\":{\"@id\":\"https:\\\/\\\/www.weberverpackungen.de\\\/es\\\/dia-de-la-formacion\\\/#primaryimage\"},\"image\":{\"@id\":\"https:\\\/\\\/www.weberverpackungen.de\\\/es\\\/dia-de-la-formacion\\\/#primaryimage\"},\"thumbnailUrl\":\"https:\\\/\\\/www.weberverpackungen.de\\\/wp-content\\\/uploads\\\/2026\\\/05\\\/Tag-der-Ausbildung.png\",\"datePublished\":\"2025-11-05T10:43:39+00:00\",\"dateModified\":\"2026-07-13T13:36:47+00:00\",\"author\":{\"@id\":\"https:\\\/\\\/www.weberverpackungen.de\\\/es\\\/#\\\/schema\\\/person\\\/58f6ef86ddffe82c7f24f28720605401\"},\"breadcrumb\":{\"@id\":\"https:\\\/\\\/www.weberverpackungen.de\\\/es\\\/dia-de-la-formacion\\\/#breadcrumb\"},\"inLanguage\":\"es\",\"potentialAction\":[{\"@type\":\"ReadAction\",\"target\":[\"https:\\\/\\\/www.weberverpackungen.de\\\/es\\\/dia-de-la-formacion\\\/\"]}]},{\"@type\":\"ImageObject\",\"inLanguage\":\"es\",\"@id\":\"https:\\\/\\\/www.weberverpackungen.de\\\/es\\\/dia-de-la-formacion\\\/#primaryimage\",\"url\":\"https:\\\/\\\/www.weberverpackungen.de\\\/wp-content\\\/uploads\\\/2026\\\/05\\\/Tag-der-Ausbildung.png\",\"contentUrl\":\"https:\\\/\\\/www.weberverpackungen.de\\\/wp-content\\\/uploads\\\/2026\\\/05\\\/Tag-der-Ausbildung.png\",\"width\":1060,\"height\":680},{\"@type\":\"BreadcrumbList\",\"@id\":\"https:\\\/\\\/www.weberverpackungen.de\\\/es\\\/dia-de-la-formacion\\\/#breadcrumb\",\"itemListElement\":[{\"@type\":\"ListItem\",\"position\":1,\"name\":\"Start\",\"item\":\"https:\\\/\\\/www.weberverpackungen.de\\\/es\\\/\"},{\"@type\":\"ListItem\",\"position\":2,\"name\":\"D\u00eda de la formaci\u00f3n\"}]},{\"@type\":\"WebSite\",\"@id\":\"https:\\\/\\\/www.weberverpackungen.de\\\/es\\\/#website\",\"url\":\"https:\\\/\\\/www.weberverpackungen.de\\\/es\\\/\",\"name\":\"WEBER Verpackungen\",\"description\":\"paper-based packaging\",\"potentialAction\":[{\"@type\":\"SearchAction\",\"target\":{\"@type\":\"EntryPoint\",\"urlTemplate\":\"https:\\\/\\\/www.weberverpackungen.de\\\/es\\\/?s={search_term_string}\"},\"query-input\":{\"@type\":\"PropertyValueSpecification\",\"valueRequired\":true,\"valueName\":\"search_term_string\"}}],\"inLanguage\":\"es\"},{\"@type\":\"Person\",\"@id\":\"https:\\\/\\\/www.weberverpackungen.de\\\/es\\\/#\\\/schema\\\/person\\\/58f6ef86ddffe82c7f24f28720605401\",\"name\":\"Felix Pl\u00fcmper\",\"image\":{\"@type\":\"ImageObject\",\"inLanguage\":\"es\",\"@id\":\"https:\\\/\\\/secure.gravatar.com\\\/avatar\\\/7f79dc2d7e526ba84ff1ed709aeb3dae85b7eae14bad5e0d05f5488c836a21a4?s=96&d=mm&r=g\",\"url\":\"https:\\\/\\\/secure.gravatar.com\\\/avatar\\\/7f79dc2d7e526ba84ff1ed709aeb3dae85b7eae14bad5e0d05f5488c836a21a4?s=96&d=mm&r=g\",\"contentUrl\":\"https:\\\/\\\/secure.gravatar.com\\\/avatar\\\/7f79dc2d7e526ba84ff1ed709aeb3dae85b7eae14bad5e0d05f5488c836a21a4?s=96&d=mm&r=g\",\"caption\":\"Felix Pl\u00fcmper\"},\"url\":\"https:\\\/\\\/www.weberverpackungen.de\\\/es\\\/author\\\/felix-pluemper\\\/\"}]}<\/script>\n<!-- \/ Yoast SEO plugin. -->","yoast_head_json":{"title":"D\u00eda de la formaci\u00f3n - WEBER Verpackungen","robots":{"index":"index","follow":"follow","max-snippet":"max-snippet:-1","max-image-preview":"max-image-preview:large","max-video-preview":"max-video-preview:-1"},"canonical":"https:\/\/www.weberverpackungen.de\/es\/dia-de-la-formacion\/","og_locale":"es_ES","og_type":"article","og_title":"D\u00eda de la formaci\u00f3n - WEBER Verpackungen","og_description":"\u00a1D\u00cdA DE LA FORMACI\u00d3N el S\u00c1BADO, 15 de noviembre de 2025! Junto con Hillebrand Coating y WHW Hillebrand, organizamos una jornada dedicada a la formaci\u00f3n. \u00bfQu\u00e9 te espera?\u2013 Visita guiada por la empresa: \u00a1Te ense\u00f1aremos lo interesantes y variadas que son las profesiones que ofrecemos!\u2013 Profesiones con formaci\u00f3n profesional en primer plano:o T\u00e9cnico en tecnolog\u00edas [&hellip;]","og_url":"https:\/\/www.weberverpackungen.de\/es\/dia-de-la-formacion\/","og_site_name":"WEBER Verpackungen","article_published_time":"2025-11-05T10:43:39+00:00","article_modified_time":"2026-07-13T13:36:47+00:00","og_image":[{"width":1060,"height":680,"url":"https:\/\/www.weberverpackungen.de\/wp-content\/uploads\/2026\/05\/Tag-der-Ausbildung.png","type":"image\/png"}],"author":"Felix Pl\u00fcmper","twitter_card":"summary_large_image","twitter_misc":{"Escrito por":"Felix Pl\u00fcmper","Tiempo de lectura":"1 minuto"},"schema":{"@context":"https:\/\/schema.org","@graph":[{"@type":"Article","@id":"https:\/\/www.weberverpackungen.de\/es\/dia-de-la-formacion\/#article","isPartOf":{"@id":"https:\/\/www.weberverpackungen.de\/es\/dia-de-la-formacion\/"},"author":{"name":"Felix Pl\u00fcmper","@id":"https:\/\/www.weberverpackungen.de\/es\/#\/schema\/person\/58f6ef86ddffe82c7f24f28720605401"},"headline":"D\u00eda de la formaci\u00f3n","datePublished":"2025-11-05T10:43:39+00:00","dateModified":"2026-07-13T13:36:47+00:00","mainEntityOfPage":{"@id":"https:\/\/www.weberverpackungen.de\/es\/dia-de-la-formacion\/"},"wordCount":151,"commentCount":0,"image":{"@id":"https:\/\/www.weberverpackungen.de\/es\/dia-de-la-formacion\/#primaryimage"},"thumbnailUrl":"https:\/\/www.weberverpackungen.de\/wp-content\/uploads\/2026\/05\/Tag-der-Ausbildung.png","articleSection":["Sin categorizar"],"inLanguage":"es","potentialAction":[{"@type":"CommentAction","name":"Comment","target":["https:\/\/www.weberverpackungen.de\/es\/dia-de-la-formacion\/#respond"]}]},{"@type":"WebPage","@id":"https:\/\/www.weberverpackungen.de\/es\/dia-de-la-formacion\/","url":"https:\/\/www.weberverpackungen.de\/es\/dia-de-la-formacion\/","name":"D\u00eda de la formaci\u00f3n - WEBER Verpackungen","isPartOf":{"@id":"https:\/\/www.weberverpackungen.de\/es\/#website"},"primaryImageOfPage":{"@id":"https:\/\/www.weberverpackungen.de\/es\/dia-de-la-formacion\/#primaryimage"},"image":{"@id":"https:\/\/www.weberverpackungen.de\/es\/dia-de-la-formacion\/#primaryimage"},"thumbnailUrl":"https:\/\/www.weberverpackungen.de\/wp-content\/uploads\/2026\/05\/Tag-der-Ausbildung.png","datePublished":"2025-11-05T10:43:39+00:00","dateModified":"2026-07-13T13:36:47+00:00","author":{"@id":"https:\/\/www.weberverpackungen.de\/es\/#\/schema\/person\/58f6ef86ddffe82c7f24f28720605401"},"breadcrumb":{"@id":"https:\/\/www.weberverpackungen.de\/es\/dia-de-la-formacion\/#breadcrumb"},"inLanguage":"es","potentialAction":[{"@type":"ReadAction","target":["https:\/\/www.weberverpackungen.de\/es\/dia-de-la-formacion\/"]}]},{"@type":"ImageObject","inLanguage":"es","@id":"https:\/\/www.weberverpackungen.de\/es\/dia-de-la-formacion\/#primaryimage","url":"https:\/\/www.weberverpackungen.de\/wp-content\/uploads\/2026\/05\/Tag-der-Ausbildung.png","contentUrl":"https:\/\/www.weberverpackungen.de\/wp-content\/uploads\/2026\/05\/Tag-der-Ausbildung.png","width":1060,"height":680},{"@type":"BreadcrumbList","@id":"https:\/\/www.weberverpackungen.de\/es\/dia-de-la-formacion\/#breadcrumb","itemListElement":[{"@type":"ListItem","position":1,"name":"Start","item":"https:\/\/www.weberverpackungen.de\/es\/"},{"@type":"ListItem","position":2,"name":"D\u00eda de la formaci\u00f3n"}]},{"@type":"WebSite","@id":"https:\/\/www.weberverpackungen.de\/es\/#website","url":"https:\/\/www.weberverpackungen.de\/es\/","name":"WEBER Verpackungen","description":"paper-based packaging","potentialAction":[{"@type":"SearchAction","target":{"@type":"EntryPoint","urlTemplate":"https:\/\/www.weberverpackungen.de\/es\/?s={search_term_string}"},"query-input":{"@type":"PropertyValueSpecification","valueRequired":true,"valueName":"search_term_string"}}],"inLanguage":"es"},{"@type":"Person","@id":"https:\/\/www.weberverpackungen.de\/es\/#\/schema\/person\/58f6ef86ddffe82c7f24f28720605401","name":"Felix Pl\u00fcmper","image":{"@type":"ImageObject","inLanguage":"es","@id":"https:\/\/secure.gravatar.com\/avatar\/7f79dc2d7e526ba84ff1ed709aeb3dae85b7eae14bad5e0d05f5488c836a21a4?s=96&d=mm&r=g","url":"https:\/\/secure.gravatar.com\/avatar\/7f79dc2d7e526ba84ff1ed709aeb3dae85b7eae14bad5e0d05f5488c836a21a4?s=96&d=mm&r=g","contentUrl":"https:\/\/secure.gravatar.com\/avatar\/7f79dc2d7e526ba84ff1ed709aeb3dae85b7eae14bad5e0d05f5488c836a21a4?s=96&d=mm&r=g","caption":"Felix Pl\u00fcmper"},"url":"https:\/\/www.weberverpackungen.de\/es\/author\/felix-pluemper\/"}]}},"_links":{"self":[{"href":"https:\/\/www.weberverpackungen.de\/es\/wp-json\/wp\/v2\/posts\/7391","targetHints":{"allow":["GET"]}}],"collection":[{"href":"https:\/\/www.weberverpackungen.de\/es\/wp-json\/wp\/v2\/posts"}],"about":[{"href":"https:\/\/www.weberverpackungen.de\/es\/wp-json\/wp\/v2\/types\/post"}],"author":[{"embeddable":true,"href":"https:\/\/www.weberverpackungen.de\/es\/wp-json\/wp\/v2\/users\/7"}],"replies":[{"embeddable":true,"href":"https:\/\/www.weberverpackungen.de\/es\/wp-json\/wp\/v2\/comments?post=7391"}],"version-history":[{"count":1,"href":"https:\/\/www.weberverpackungen.de\/es\/wp-json\/wp\/v2\/posts\/7391\/revisions"}],"predecessor-version":[{"id":7393,"href":"https:\/\/www.weberverpackungen.de\/es\/wp-json\/wp\/v2\/posts\/7391\/revisions\/7393"}],"wp:featuredmedia":[{"embeddable":true,"href":"https:\/\/www.weberverpackungen.de\/es\/wp-json\/wp\/v2\/media\/7392"}],"wp:attachment":[{"href":"https:\/\/www.weberverpackungen.de\/es\/wp-json\/wp\/v2\/media?parent=7391"}],"wp:term":[{"taxonomy":"category","embeddable":true,"href":"https:\/\/www.weberverpackungen.de\/es\/wp-json\/wp\/v2\/categories?post=7391"},{"taxonomy":"post_tag","embeddable":true,"href":"https:\/\/www.weberverpackungen.de\/es\/wp-json\/wp\/v2\/tags?post=7391"}],"curies":[{"name":"wp","href":"https:\/\/api.w.org\/{rel}","templated":true}]}}