{"id":9470,"date":"2026-07-03T13:04:07","date_gmt":"2026-07-03T11:04:07","guid":{"rendered":"https:\/\/www.weberverpackungen.de\/carrera-empresarial-de-las-cajas-de-ahorros-alrededor-del-lago-moehnesee\/"},"modified":"2026-08-27T15:49:32","modified_gmt":"2026-08-27T13:49:32","slug":"carrera-empresarial-de-las-cajas-de-ahorros-alrededor-del-lago-moehnesee","status":"publish","type":"post","link":"https:\/\/www.weberverpackungen.de\/es\/carrera-empresarial-de-las-cajas-de-ahorros-alrededor-del-lago-moehnesee\/","title":{"rendered":"Carrera empresarial de las cajas de ahorros alrededor del lago M\u00f6hnesee"},"content":{"rendered":"\n<figure class=\"wp-block-gallery has-nested-images columns-default is-cropped wp-block-gallery-1 is-layout-flex wp-block-gallery-is-layout-flex\">\n<figure class=\"wp-block-image size-large\"><img loading=\"lazy\" decoding=\"async\" width=\"1024\" height=\"576\" data-id=\"8788\" src=\"https:\/\/www.weberverpackungen.de\/wp-content\/uploads\/2026\/08\/Firmenlauf-2026_3-1-1024x576.jpg\" alt=\"\" class=\"wp-image-8788\" srcset=\"https:\/\/www.weberverpackungen.de\/wp-content\/uploads\/2026\/08\/Firmenlauf-2026_3-1-1024x576.jpg 1024w, https:\/\/www.weberverpackungen.de\/wp-content\/uploads\/2026\/08\/Firmenlauf-2026_3-1-300x169.jpg 300w, https:\/\/www.weberverpackungen.de\/wp-content\/uploads\/2026\/08\/Firmenlauf-2026_3-1-768x432.jpg 768w, https:\/\/www.weberverpackungen.de\/wp-content\/uploads\/2026\/08\/Firmenlauf-2026_3-1-1536x864.jpg 1536w, https:\/\/www.weberverpackungen.de\/wp-content\/uploads\/2026\/08\/Firmenlauf-2026_3-1.jpg 1600w\" sizes=\"auto, (max-width: 1024px) 100vw, 1024px\" \/><\/figure>\n\n\n\n<figure class=\"wp-block-image size-large\"><img loading=\"lazy\" decoding=\"async\" width=\"768\" height=\"1024\" data-id=\"8787\" src=\"https:\/\/www.weberverpackungen.de\/wp-content\/uploads\/2026\/08\/Firmenlauf-2026_2-1-768x1024.jpg\" alt=\"\" class=\"wp-image-8787\" srcset=\"https:\/\/www.weberverpackungen.de\/wp-content\/uploads\/2026\/08\/Firmenlauf-2026_2-1-768x1024.jpg 768w, https:\/\/www.weberverpackungen.de\/wp-content\/uploads\/2026\/08\/Firmenlauf-2026_2-1-225x300.jpg 225w, https:\/\/www.weberverpackungen.de\/wp-content\/uploads\/2026\/08\/Firmenlauf-2026_2-1-1152x1536.jpg 1152w, https:\/\/www.weberverpackungen.de\/wp-content\/uploads\/2026\/08\/Firmenlauf-2026_2-1.jpg 1200w\" sizes=\"auto, (max-width: 768px) 100vw, 768px\" \/><\/figure>\n\n\n\n<figure class=\"wp-block-image size-large\"><img loading=\"lazy\" decoding=\"async\" width=\"768\" height=\"1024\" data-id=\"8789\" src=\"https:\/\/www.weberverpackungen.de\/wp-content\/uploads\/2026\/08\/Firmenlauf-2026_1-1-768x1024.jpg\" alt=\"\" class=\"wp-image-8789\" srcset=\"https:\/\/www.weberverpackungen.de\/wp-content\/uploads\/2026\/08\/Firmenlauf-2026_1-1-768x1024.jpg 768w, https:\/\/www.weberverpackungen.de\/wp-content\/uploads\/2026\/08\/Firmenlauf-2026_1-1-225x300.jpg 225w, https:\/\/www.weberverpackungen.de\/wp-content\/uploads\/2026\/08\/Firmenlauf-2026_1-1-1152x1536.jpg 1152w, https:\/\/www.weberverpackungen.de\/wp-content\/uploads\/2026\/08\/Firmenlauf-2026_1-1-1536x2048.jpg 1536w, https:\/\/www.weberverpackungen.de\/wp-content\/uploads\/2026\/08\/Firmenlauf-2026_1-1-scaled.jpg 1920w\" sizes=\"auto, (max-width: 768px) 100vw, 768px\" \/><\/figure>\n<\/figure>\n\n<p class=\"wp-block-paragraph\"><\/p>\n\n<p class=\"wp-block-paragraph\">6.600 participantes, 6,5 kil\u00f3metros, un ambiente genial\u2026 \u00a1y en plena acci\u00f3n: 15 corredores y corredoras de WEBER Verpackungen!<\/p>\n\n<p class=\"wp-block-paragraph\">Con unas temperaturas muy agradables, pudimos disfrutar del recorrido y completar juntos una carrera genial. Lo m\u00e1s emocionante fue el duelo interno en cabeza: nuestro director general, Carsten, se enzarz\u00f3 en una carrera trepidante con nuestro director de ventas espa\u00f1ol, Abdel.<br\/>\u00bfEl resultado? Carsten tuvo que admitir, aunque le cost\u00f3 mucho, que hab\u00eda sido derrotado claramente. En la meta, el jefe, visiblemente agotado, ya fue recibido por el radiante ganador. Por esta haza\u00f1a, a Abdel le entregaron m\u00e1s tarde la merecida camiseta de \u00abvencer al jefe\u00bb.<br\/>Despu\u00e9s de la carrera, terminamos la velada de forma relajada con bebidas frescas y algo para reponer fuerzas.    <\/p>\n\n<p class=\"wp-block-paragraph\">\u00a1Enhorabuena, Abdel! Y, sobre todo: \u00a1gracias por librarnos de esto! Por fin nos libramos de la palabrer\u00eda triunfalista del jefe \ud83d\ude09 <\/p>\n\n<p class=\"wp-block-paragraph\">Querido jefe, no te pongas triste: lo importante es haber participado. \u00a1Ya estamos deseando que llegue la revancha del a\u00f1o que viene! <\/p>\n\n<p class=\"wp-block-paragraph\"><\/p>\n","protected":false},"excerpt":{"rendered":"<p>6.600 participantes, 6,5 kil\u00f3metros, un ambiente genial\u2026 \u00a1y en plena acci\u00f3n: 15 corredores y corredoras de WEBER Verpackungen! Con unas temperaturas muy agradables, pudimos disfrutar del recorrido y completar juntos una carrera genial. Lo m\u00e1s emocionante fue el duelo interno en cabeza: nuestro director general, Carsten, se enzarz\u00f3 en una carrera trepidante con nuestro director [&hellip;]<\/p>\n","protected":false},"author":7,"featured_media":8833,"comment_status":"open","ping_status":"open","sticky":false,"template":"","format":"standard","meta":{"_acf_changed":false,"footnotes":""},"categories":[23],"tags":[],"class_list":["post-9470","post","type-post","status-publish","format-standard","has-post-thumbnail","hentry","category-sin-categorizar"],"acf":[],"yoast_head":"<!-- This site is optimized with the Yoast SEO plugin v28.3 - https:\/\/yoast.com\/product\/yoast-seo-wordpress\/ -->\n<title>Carrera empresarial de las cajas de ahorros alrededor del lago M\u00f6hnesee - WEBER Verpackungen<\/title>\n<meta name=\"robots\" content=\"index, follow, max-snippet:-1, max-image-preview:large, max-video-preview:-1\" \/>\n<link rel=\"canonical\" href=\"https:\/\/www.weberverpackungen.de\/es\/carrera-empresarial-de-las-cajas-de-ahorros-alrededor-del-lago-moehnesee\/\" \/>\n<meta property=\"og:locale\" content=\"es_ES\" \/>\n<meta property=\"og:type\" content=\"article\" \/>\n<meta property=\"og:title\" content=\"Carrera empresarial de las cajas de ahorros alrededor del lago M\u00f6hnesee - WEBER Verpackungen\" \/>\n<meta property=\"og:description\" content=\"6.600 participantes, 6,5 kil\u00f3metros, un ambiente genial\u2026 \u00a1y en plena acci\u00f3n: 15 corredores y corredoras de WEBER Verpackungen! Con unas temperaturas muy agradables, pudimos disfrutar del recorrido y completar juntos una carrera genial. Lo m\u00e1s emocionante fue el duelo interno en cabeza: nuestro director general, Carsten, se enzarz\u00f3 en una carrera trepidante con nuestro director [&hellip;]\" \/>\n<meta property=\"og:url\" content=\"https:\/\/www.weberverpackungen.de\/es\/carrera-empresarial-de-las-cajas-de-ahorros-alrededor-del-lago-moehnesee\/\" \/>\n<meta property=\"og:site_name\" content=\"WEBER Verpackungen\" \/>\n<meta property=\"article:published_time\" content=\"2026-07-03T11:04:07+00:00\" \/>\n<meta property=\"article:modified_time\" content=\"2026-08-27T13:49:32+00:00\" \/>\n<meta property=\"og:image\" content=\"https:\/\/www.weberverpackungen.de\/wp-content\/uploads\/2026\/08\/Firmenlauf-2026_1-scaled.jpg\" \/>\n\t<meta property=\"og:image:width\" content=\"1920\" \/>\n\t<meta property=\"og:image:height\" content=\"2560\" \/>\n\t<meta property=\"og:image:type\" content=\"image\/jpeg\" \/>\n<meta name=\"author\" content=\"Felix Pl\u00fcmper\" \/>\n<meta name=\"twitter:card\" content=\"summary_large_image\" \/>\n<meta name=\"twitter:label1\" content=\"Escrito por\" \/>\n\t<meta name=\"twitter:data1\" content=\"Felix Pl\u00fcmper\" \/>\n\t<meta name=\"twitter:label2\" content=\"Tiempo de lectura\" \/>\n\t<meta name=\"twitter:data2\" content=\"1 minuto\" \/>\n<script type=\"application\/ld+json\" class=\"yoast-schema-graph\">{\"@context\":\"https:\\\/\\\/schema.org\",\"@graph\":[{\"@type\":\"Article\",\"@id\":\"https:\\\/\\\/www.weberverpackungen.de\\\/es\\\/carrera-empresarial-de-las-cajas-de-ahorros-alrededor-del-lago-moehnesee\\\/#article\",\"isPartOf\":{\"@id\":\"https:\\\/\\\/www.weberverpackungen.de\\\/es\\\/carrera-empresarial-de-las-cajas-de-ahorros-alrededor-del-lago-moehnesee\\\/\"},\"author\":{\"name\":\"Felix Pl\u00fcmper\",\"@id\":\"https:\\\/\\\/www.weberverpackungen.de\\\/es\\\/#\\\/schema\\\/person\\\/58f6ef86ddffe82c7f24f28720605401\"},\"headline\":\"Carrera empresarial de las cajas de ahorros alrededor del lago M\u00f6hnesee\",\"datePublished\":\"2026-07-03T11:04:07+00:00\",\"dateModified\":\"2026-08-27T13:49:32+00:00\",\"mainEntityOfPage\":{\"@id\":\"https:\\\/\\\/www.weberverpackungen.de\\\/es\\\/carrera-empresarial-de-las-cajas-de-ahorros-alrededor-del-lago-moehnesee\\\/\"},\"wordCount\":183,\"commentCount\":0,\"image\":{\"@id\":\"https:\\\/\\\/www.weberverpackungen.de\\\/es\\\/carrera-empresarial-de-las-cajas-de-ahorros-alrededor-del-lago-moehnesee\\\/#primaryimage\"},\"thumbnailUrl\":\"https:\\\/\\\/www.weberverpackungen.de\\\/wp-content\\\/uploads\\\/2026\\\/08\\\/Firmenlauf-2026_1-scaled.jpg\",\"articleSection\":[\"Sin categorizar\"],\"inLanguage\":\"es\",\"potentialAction\":[{\"@type\":\"CommentAction\",\"name\":\"Comment\",\"target\":[\"https:\\\/\\\/www.weberverpackungen.de\\\/es\\\/carrera-empresarial-de-las-cajas-de-ahorros-alrededor-del-lago-moehnesee\\\/#respond\"]}]},{\"@type\":\"WebPage\",\"@id\":\"https:\\\/\\\/www.weberverpackungen.de\\\/es\\\/carrera-empresarial-de-las-cajas-de-ahorros-alrededor-del-lago-moehnesee\\\/\",\"url\":\"https:\\\/\\\/www.weberverpackungen.de\\\/es\\\/carrera-empresarial-de-las-cajas-de-ahorros-alrededor-del-lago-moehnesee\\\/\",\"name\":\"Carrera empresarial de las cajas de ahorros alrededor del lago M\u00f6hnesee - WEBER Verpackungen\",\"isPartOf\":{\"@id\":\"https:\\\/\\\/www.weberverpackungen.de\\\/es\\\/#website\"},\"primaryImageOfPage\":{\"@id\":\"https:\\\/\\\/www.weberverpackungen.de\\\/es\\\/carrera-empresarial-de-las-cajas-de-ahorros-alrededor-del-lago-moehnesee\\\/#primaryimage\"},\"image\":{\"@id\":\"https:\\\/\\\/www.weberverpackungen.de\\\/es\\\/carrera-empresarial-de-las-cajas-de-ahorros-alrededor-del-lago-moehnesee\\\/#primaryimage\"},\"thumbnailUrl\":\"https:\\\/\\\/www.weberverpackungen.de\\\/wp-content\\\/uploads\\\/2026\\\/08\\\/Firmenlauf-2026_1-scaled.jpg\",\"datePublished\":\"2026-07-03T11:04:07+00:00\",\"dateModified\":\"2026-08-27T13:49:32+00:00\",\"author\":{\"@id\":\"https:\\\/\\\/www.weberverpackungen.de\\\/es\\\/#\\\/schema\\\/person\\\/58f6ef86ddffe82c7f24f28720605401\"},\"breadcrumb\":{\"@id\":\"https:\\\/\\\/www.weberverpackungen.de\\\/es\\\/carrera-empresarial-de-las-cajas-de-ahorros-alrededor-del-lago-moehnesee\\\/#breadcrumb\"},\"inLanguage\":\"es\",\"potentialAction\":[{\"@type\":\"ReadAction\",\"target\":[\"https:\\\/\\\/www.weberverpackungen.de\\\/es\\\/carrera-empresarial-de-las-cajas-de-ahorros-alrededor-del-lago-moehnesee\\\/\"]}]},{\"@type\":\"ImageObject\",\"inLanguage\":\"es\",\"@id\":\"https:\\\/\\\/www.weberverpackungen.de\\\/es\\\/carrera-empresarial-de-las-cajas-de-ahorros-alrededor-del-lago-moehnesee\\\/#primaryimage\",\"url\":\"https:\\\/\\\/www.weberverpackungen.de\\\/wp-content\\\/uploads\\\/2026\\\/08\\\/Firmenlauf-2026_1-scaled.jpg\",\"contentUrl\":\"https:\\\/\\\/www.weberverpackungen.de\\\/wp-content\\\/uploads\\\/2026\\\/08\\\/Firmenlauf-2026_1-scaled.jpg\",\"width\":1920,\"height\":2560},{\"@type\":\"BreadcrumbList\",\"@id\":\"https:\\\/\\\/www.weberverpackungen.de\\\/es\\\/carrera-empresarial-de-las-cajas-de-ahorros-alrededor-del-lago-moehnesee\\\/#breadcrumb\",\"itemListElement\":[{\"@type\":\"ListItem\",\"position\":1,\"name\":\"Start\",\"item\":\"https:\\\/\\\/www.weberverpackungen.de\\\/es\\\/\"},{\"@type\":\"ListItem\",\"position\":2,\"name\":\"Carrera empresarial de las cajas de ahorros alrededor del lago M\u00f6hnesee\"}]},{\"@type\":\"WebSite\",\"@id\":\"https:\\\/\\\/www.weberverpackungen.de\\\/es\\\/#website\",\"url\":\"https:\\\/\\\/www.weberverpackungen.de\\\/es\\\/\",\"name\":\"WEBER Verpackungen\",\"description\":\"paper-based packaging\",\"potentialAction\":[{\"@type\":\"SearchAction\",\"target\":{\"@type\":\"EntryPoint\",\"urlTemplate\":\"https:\\\/\\\/www.weberverpackungen.de\\\/es\\\/?s={search_term_string}\"},\"query-input\":{\"@type\":\"PropertyValueSpecification\",\"valueRequired\":true,\"valueName\":\"search_term_string\"}}],\"inLanguage\":\"es\"},{\"@type\":\"Person\",\"@id\":\"https:\\\/\\\/www.weberverpackungen.de\\\/es\\\/#\\\/schema\\\/person\\\/58f6ef86ddffe82c7f24f28720605401\",\"name\":\"Felix Pl\u00fcmper\",\"image\":{\"@type\":\"ImageObject\",\"inLanguage\":\"es\",\"@id\":\"https:\\\/\\\/secure.gravatar.com\\\/avatar\\\/7f79dc2d7e526ba84ff1ed709aeb3dae85b7eae14bad5e0d05f5488c836a21a4?s=96&d=mm&r=g\",\"url\":\"https:\\\/\\\/secure.gravatar.com\\\/avatar\\\/7f79dc2d7e526ba84ff1ed709aeb3dae85b7eae14bad5e0d05f5488c836a21a4?s=96&d=mm&r=g\",\"contentUrl\":\"https:\\\/\\\/secure.gravatar.com\\\/avatar\\\/7f79dc2d7e526ba84ff1ed709aeb3dae85b7eae14bad5e0d05f5488c836a21a4?s=96&d=mm&r=g\",\"caption\":\"Felix Pl\u00fcmper\"},\"url\":\"https:\\\/\\\/www.weberverpackungen.de\\\/es\\\/author\\\/felix-pluemper\\\/\"}]}<\/script>\n<!-- \/ Yoast SEO plugin. -->","yoast_head_json":{"title":"Carrera empresarial de las cajas de ahorros alrededor del lago M\u00f6hnesee - WEBER Verpackungen","robots":{"index":"index","follow":"follow","max-snippet":"max-snippet:-1","max-image-preview":"max-image-preview:large","max-video-preview":"max-video-preview:-1"},"canonical":"https:\/\/www.weberverpackungen.de\/es\/carrera-empresarial-de-las-cajas-de-ahorros-alrededor-del-lago-moehnesee\/","og_locale":"es_ES","og_type":"article","og_title":"Carrera empresarial de las cajas de ahorros alrededor del lago M\u00f6hnesee - WEBER Verpackungen","og_description":"6.600 participantes, 6,5 kil\u00f3metros, un ambiente genial\u2026 \u00a1y en plena acci\u00f3n: 15 corredores y corredoras de WEBER Verpackungen! Con unas temperaturas muy agradables, pudimos disfrutar del recorrido y completar juntos una carrera genial. Lo m\u00e1s emocionante fue el duelo interno en cabeza: nuestro director general, Carsten, se enzarz\u00f3 en una carrera trepidante con nuestro director [&hellip;]","og_url":"https:\/\/www.weberverpackungen.de\/es\/carrera-empresarial-de-las-cajas-de-ahorros-alrededor-del-lago-moehnesee\/","og_site_name":"WEBER Verpackungen","article_published_time":"2026-07-03T11:04:07+00:00","article_modified_time":"2026-08-27T13:49:32+00:00","og_image":[{"width":1920,"height":2560,"url":"https:\/\/www.weberverpackungen.de\/wp-content\/uploads\/2026\/08\/Firmenlauf-2026_1-scaled.jpg","type":"image\/jpeg"}],"author":"Felix Pl\u00fcmper","twitter_card":"summary_large_image","twitter_misc":{"Escrito por":"Felix Pl\u00fcmper","Tiempo de lectura":"1 minuto"},"schema":{"@context":"https:\/\/schema.org","@graph":[{"@type":"Article","@id":"https:\/\/www.weberverpackungen.de\/es\/carrera-empresarial-de-las-cajas-de-ahorros-alrededor-del-lago-moehnesee\/#article","isPartOf":{"@id":"https:\/\/www.weberverpackungen.de\/es\/carrera-empresarial-de-las-cajas-de-ahorros-alrededor-del-lago-moehnesee\/"},"author":{"name":"Felix Pl\u00fcmper","@id":"https:\/\/www.weberverpackungen.de\/es\/#\/schema\/person\/58f6ef86ddffe82c7f24f28720605401"},"headline":"Carrera empresarial de las cajas de ahorros alrededor del lago M\u00f6hnesee","datePublished":"2026-07-03T11:04:07+00:00","dateModified":"2026-08-27T13:49:32+00:00","mainEntityOfPage":{"@id":"https:\/\/www.weberverpackungen.de\/es\/carrera-empresarial-de-las-cajas-de-ahorros-alrededor-del-lago-moehnesee\/"},"wordCount":183,"commentCount":0,"image":{"@id":"https:\/\/www.weberverpackungen.de\/es\/carrera-empresarial-de-las-cajas-de-ahorros-alrededor-del-lago-moehnesee\/#primaryimage"},"thumbnailUrl":"https:\/\/www.weberverpackungen.de\/wp-content\/uploads\/2026\/08\/Firmenlauf-2026_1-scaled.jpg","articleSection":["Sin categorizar"],"inLanguage":"es","potentialAction":[{"@type":"CommentAction","name":"Comment","target":["https:\/\/www.weberverpackungen.de\/es\/carrera-empresarial-de-las-cajas-de-ahorros-alrededor-del-lago-moehnesee\/#respond"]}]},{"@type":"WebPage","@id":"https:\/\/www.weberverpackungen.de\/es\/carrera-empresarial-de-las-cajas-de-ahorros-alrededor-del-lago-moehnesee\/","url":"https:\/\/www.weberverpackungen.de\/es\/carrera-empresarial-de-las-cajas-de-ahorros-alrededor-del-lago-moehnesee\/","name":"Carrera empresarial de las cajas de ahorros alrededor del lago M\u00f6hnesee - WEBER Verpackungen","isPartOf":{"@id":"https:\/\/www.weberverpackungen.de\/es\/#website"},"primaryImageOfPage":{"@id":"https:\/\/www.weberverpackungen.de\/es\/carrera-empresarial-de-las-cajas-de-ahorros-alrededor-del-lago-moehnesee\/#primaryimage"},"image":{"@id":"https:\/\/www.weberverpackungen.de\/es\/carrera-empresarial-de-las-cajas-de-ahorros-alrededor-del-lago-moehnesee\/#primaryimage"},"thumbnailUrl":"https:\/\/www.weberverpackungen.de\/wp-content\/uploads\/2026\/08\/Firmenlauf-2026_1-scaled.jpg","datePublished":"2026-07-03T11:04:07+00:00","dateModified":"2026-08-27T13:49:32+00:00","author":{"@id":"https:\/\/www.weberverpackungen.de\/es\/#\/schema\/person\/58f6ef86ddffe82c7f24f28720605401"},"breadcrumb":{"@id":"https:\/\/www.weberverpackungen.de\/es\/carrera-empresarial-de-las-cajas-de-ahorros-alrededor-del-lago-moehnesee\/#breadcrumb"},"inLanguage":"es","potentialAction":[{"@type":"ReadAction","target":["https:\/\/www.weberverpackungen.de\/es\/carrera-empresarial-de-las-cajas-de-ahorros-alrededor-del-lago-moehnesee\/"]}]},{"@type":"ImageObject","inLanguage":"es","@id":"https:\/\/www.weberverpackungen.de\/es\/carrera-empresarial-de-las-cajas-de-ahorros-alrededor-del-lago-moehnesee\/#primaryimage","url":"https:\/\/www.weberverpackungen.de\/wp-content\/uploads\/2026\/08\/Firmenlauf-2026_1-scaled.jpg","contentUrl":"https:\/\/www.weberverpackungen.de\/wp-content\/uploads\/2026\/08\/Firmenlauf-2026_1-scaled.jpg","width":1920,"height":2560},{"@type":"BreadcrumbList","@id":"https:\/\/www.weberverpackungen.de\/es\/carrera-empresarial-de-las-cajas-de-ahorros-alrededor-del-lago-moehnesee\/#breadcrumb","itemListElement":[{"@type":"ListItem","position":1,"name":"Start","item":"https:\/\/www.weberverpackungen.de\/es\/"},{"@type":"ListItem","position":2,"name":"Carrera empresarial de las cajas de ahorros alrededor del lago M\u00f6hnesee"}]},{"@type":"WebSite","@id":"https:\/\/www.weberverpackungen.de\/es\/#website","url":"https:\/\/www.weberverpackungen.de\/es\/","name":"WEBER Verpackungen","description":"paper-based packaging","potentialAction":[{"@type":"SearchAction","target":{"@type":"EntryPoint","urlTemplate":"https:\/\/www.weberverpackungen.de\/es\/?s={search_term_string}"},"query-input":{"@type":"PropertyValueSpecification","valueRequired":true,"valueName":"search_term_string"}}],"inLanguage":"es"},{"@type":"Person","@id":"https:\/\/www.weberverpackungen.de\/es\/#\/schema\/person\/58f6ef86ddffe82c7f24f28720605401","name":"Felix Pl\u00fcmper","image":{"@type":"ImageObject","inLanguage":"es","@id":"https:\/\/secure.gravatar.com\/avatar\/7f79dc2d7e526ba84ff1ed709aeb3dae85b7eae14bad5e0d05f5488c836a21a4?s=96&d=mm&r=g","url":"https:\/\/secure.gravatar.com\/avatar\/7f79dc2d7e526ba84ff1ed709aeb3dae85b7eae14bad5e0d05f5488c836a21a4?s=96&d=mm&r=g","contentUrl":"https:\/\/secure.gravatar.com\/avatar\/7f79dc2d7e526ba84ff1ed709aeb3dae85b7eae14bad5e0d05f5488c836a21a4?s=96&d=mm&r=g","caption":"Felix Pl\u00fcmper"},"url":"https:\/\/www.weberverpackungen.de\/es\/author\/felix-pluemper\/"}]}},"_links":{"self":[{"href":"https:\/\/www.weberverpackungen.de\/es\/wp-json\/wp\/v2\/posts\/9470","targetHints":{"allow":["GET"]}}],"collection":[{"href":"https:\/\/www.weberverpackungen.de\/es\/wp-json\/wp\/v2\/posts"}],"about":[{"href":"https:\/\/www.weberverpackungen.de\/es\/wp-json\/wp\/v2\/types\/post"}],"author":[{"embeddable":true,"href":"https:\/\/www.weberverpackungen.de\/es\/wp-json\/wp\/v2\/users\/7"}],"replies":[{"embeddable":true,"href":"https:\/\/www.weberverpackungen.de\/es\/wp-json\/wp\/v2\/comments?post=9470"}],"version-history":[{"count":1,"href":"https:\/\/www.weberverpackungen.de\/es\/wp-json\/wp\/v2\/posts\/9470\/revisions"}],"predecessor-version":[{"id":9471,"href":"https:\/\/www.weberverpackungen.de\/es\/wp-json\/wp\/v2\/posts\/9470\/revisions\/9471"}],"wp:featuredmedia":[{"embeddable":true,"href":"https:\/\/www.weberverpackungen.de\/es\/wp-json\/wp\/v2\/media\/8833"}],"wp:attachment":[{"href":"https:\/\/www.weberverpackungen.de\/es\/wp-json\/wp\/v2\/media?parent=9470"}],"wp:term":[{"taxonomy":"category","embeddable":true,"href":"https:\/\/www.weberverpackungen.de\/es\/wp-json\/wp\/v2\/categories?post=9470"},{"taxonomy":"post_tag","embeddable":true,"href":"https:\/\/www.weberverpackungen.de\/es\/wp-json\/wp\/v2\/tags?post=9470"}],"curies":[{"name":"wp","href":"https:\/\/api.w.org\/{rel}","templated":true}]}}