{"id":9486,"date":"2026-06-09T11:56:00","date_gmt":"2026-06-09T09:56:00","guid":{"rendered":"https:\/\/www.weberverpackungen.de\/calificacion-aa-en-la-certificacion-brcgs-packaging-materials-edicion-7\/"},"modified":"2026-08-27T15:51:13","modified_gmt":"2026-08-27T13:51:13","slug":"calificacion-aa-en-la-certificacion-brcgs-packaging-materials-edicion-7","status":"publish","type":"post","link":"https:\/\/www.weberverpackungen.de\/es\/calificacion-aa-en-la-certificacion-brcgs-packaging-materials-edicion-7\/","title":{"rendered":"Calificaci\u00f3n AA en la certificaci\u00f3n BRCGS Packaging Materials, edici\u00f3n 7"},"content":{"rendered":"\n<figure class=\"wp-block-image size-large is-resized\"><img loading=\"lazy\" decoding=\"async\" width=\"819\" height=\"1024\" src=\"https:\/\/www.weberverpackungen.de\/wp-content\/uploads\/2026\/08\/2026-819x1024.png\" alt=\"\" class=\"wp-image-8769\" style=\"aspect-ratio:0.7998056028048738;width:496px;height:auto\" srcset=\"https:\/\/www.weberverpackungen.de\/wp-content\/uploads\/2026\/08\/2026-819x1024.png 819w, https:\/\/www.weberverpackungen.de\/wp-content\/uploads\/2026\/08\/2026-240x300.png 240w, https:\/\/www.weberverpackungen.de\/wp-content\/uploads\/2026\/08\/2026-768x960.png 768w, https:\/\/www.weberverpackungen.de\/wp-content\/uploads\/2026\/08\/2026.png 1080w\" sizes=\"auto, (max-width: 819px) 100vw, 819px\" \/><\/figure>\n\n<p class=\"wp-block-paragraph\">La constancia no es casualidad: tambi\u00e9n en 2026, en el marco de una auditor\u00eda independiente realizada seg\u00fan los requisitos de la norma BRCGS Packaging Materials, 7.\u00aa edici\u00f3n, a cargo de T\u00dcV Rheinland, volvimos a obtener la m\u00e1xima calificaci\u00f3n AA.<\/p>\n\n<p class=\"wp-block-paragraph\">Para nosotros, este resultado es m\u00e1s que una simple confirmaci\u00f3n: demuestra que nuestros altos est\u00e1ndares de calidad e higiene no solo se alcanzan una vez, sino que se mantienen de forma constante al m\u00e1s alto nivel. En un sector en el que la seguridad y la fiabilidad de los productos son fundamentales, con esto estamos enviando un mensaje claro. <\/p>\n\n<p class=\"wp-block-paragraph\">La norma BRCGS sobre materiales de embalaje es sin\u00f3nimo en todo el mundo de requisitos muy exigentes a lo largo de toda la cadena de procesos. El hecho de que cumplamos estos requisitos a\u00f1o tras a\u00f1o es el resultado de unos procesos bien estructurados, una optimizaci\u00f3n continua y, sobre todo, de un equipo s\u00f3lido. <\/p>\n\n<p class=\"wp-block-paragraph\">Por eso, queremos dar las gracias especialmente a todos los empleados que, con su compromiso diario, su sentido de la responsabilidad y su atenci\u00f3n al detalle, hacen posible este \u00e9xito.<\/p>\n\n<p class=\"wp-block-paragraph\">Para nuestros clientes, esto significa sobre todo una cosa: la seguridad de poder contar en todo momento con una calidad m\u00e1xima y constante, y con soluciones de embalaje fiables.<\/p>\n\n<p class=\"wp-block-paragraph\"><\/p>\n","protected":false},"excerpt":{"rendered":"<p>La constancia no es casualidad: tambi\u00e9n en 2026, en el marco de una auditor\u00eda independiente realizada seg\u00fan los requisitos de la norma BRCGS Packaging Materials, 7.\u00aa edici\u00f3n, a cargo de T\u00dcV Rheinland, volvimos a obtener la m\u00e1xima calificaci\u00f3n AA. Para nosotros, este resultado es m\u00e1s que una simple confirmaci\u00f3n: demuestra que nuestros altos est\u00e1ndares de [&hellip;]<\/p>\n","protected":false},"author":7,"featured_media":8841,"comment_status":"open","ping_status":"open","sticky":false,"template":"","format":"standard","meta":{"_acf_changed":false,"footnotes":""},"categories":[23],"tags":[],"class_list":["post-9486","post","type-post","status-publish","format-standard","has-post-thumbnail","hentry","category-sin-categorizar"],"acf":[],"yoast_head":"<!-- This site is optimized with the Yoast SEO plugin v28.3 - https:\/\/yoast.com\/product\/yoast-seo-wordpress\/ -->\n<title>Calificaci\u00f3n AA en la certificaci\u00f3n BRCGS Packaging Materials, edici\u00f3n 7 - WEBER Verpackungen<\/title>\n<meta name=\"robots\" content=\"index, follow, max-snippet:-1, max-image-preview:large, max-video-preview:-1\" \/>\n<link rel=\"canonical\" href=\"https:\/\/www.weberverpackungen.de\/es\/calificacion-aa-en-la-certificacion-brcgs-packaging-materials-edicion-7\/\" \/>\n<meta property=\"og:locale\" content=\"es_ES\" \/>\n<meta property=\"og:type\" content=\"article\" \/>\n<meta property=\"og:title\" content=\"Calificaci\u00f3n AA en la certificaci\u00f3n BRCGS Packaging Materials, edici\u00f3n 7 - WEBER Verpackungen\" \/>\n<meta property=\"og:description\" content=\"La constancia no es casualidad: tambi\u00e9n en 2026, en el marco de una auditor\u00eda independiente realizada seg\u00fan los requisitos de la norma BRCGS Packaging Materials, 7.\u00aa edici\u00f3n, a cargo de T\u00dcV Rheinland, volvimos a obtener la m\u00e1xima calificaci\u00f3n AA. Para nosotros, este resultado es m\u00e1s que una simple confirmaci\u00f3n: demuestra que nuestros altos est\u00e1ndares de [&hellip;]\" \/>\n<meta property=\"og:url\" content=\"https:\/\/www.weberverpackungen.de\/es\/calificacion-aa-en-la-certificacion-brcgs-packaging-materials-edicion-7\/\" \/>\n<meta property=\"og:site_name\" content=\"WEBER Verpackungen\" \/>\n<meta property=\"article:published_time\" content=\"2026-06-09T09:56:00+00:00\" \/>\n<meta property=\"article:modified_time\" content=\"2026-08-27T13:51:13+00:00\" \/>\n<meta property=\"og:image\" content=\"https:\/\/www.weberverpackungen.de\/wp-content\/uploads\/2026\/08\/2026.png\" \/>\n\t<meta property=\"og:image:width\" content=\"1080\" \/>\n\t<meta property=\"og:image:height\" content=\"1350\" \/>\n\t<meta property=\"og:image:type\" content=\"image\/png\" \/>\n<meta name=\"author\" content=\"Felix Pl\u00fcmper\" \/>\n<meta name=\"twitter:card\" content=\"summary_large_image\" \/>\n<meta name=\"twitter:label1\" content=\"Escrito por\" \/>\n\t<meta name=\"twitter:data1\" content=\"Felix Pl\u00fcmper\" \/>\n\t<meta name=\"twitter:label2\" content=\"Tiempo de lectura\" \/>\n\t<meta name=\"twitter:data2\" content=\"1 minuto\" \/>\n<script type=\"application\/ld+json\" class=\"yoast-schema-graph\">{\"@context\":\"https:\\\/\\\/schema.org\",\"@graph\":[{\"@type\":\"Article\",\"@id\":\"https:\\\/\\\/www.weberverpackungen.de\\\/es\\\/calificacion-aa-en-la-certificacion-brcgs-packaging-materials-edicion-7\\\/#article\",\"isPartOf\":{\"@id\":\"https:\\\/\\\/www.weberverpackungen.de\\\/es\\\/calificacion-aa-en-la-certificacion-brcgs-packaging-materials-edicion-7\\\/\"},\"author\":{\"name\":\"Felix Pl\u00fcmper\",\"@id\":\"https:\\\/\\\/www.weberverpackungen.de\\\/es\\\/#\\\/schema\\\/person\\\/58f6ef86ddffe82c7f24f28720605401\"},\"headline\":\"Calificaci\u00f3n AA en la certificaci\u00f3n BRCGS Packaging Materials, edici\u00f3n 7\",\"datePublished\":\"2026-06-09T09:56:00+00:00\",\"dateModified\":\"2026-08-27T13:51:13+00:00\",\"mainEntityOfPage\":{\"@id\":\"https:\\\/\\\/www.weberverpackungen.de\\\/es\\\/calificacion-aa-en-la-certificacion-brcgs-packaging-materials-edicion-7\\\/\"},\"wordCount\":239,\"commentCount\":0,\"image\":{\"@id\":\"https:\\\/\\\/www.weberverpackungen.de\\\/es\\\/calificacion-aa-en-la-certificacion-brcgs-packaging-materials-edicion-7\\\/#primaryimage\"},\"thumbnailUrl\":\"https:\\\/\\\/www.weberverpackungen.de\\\/wp-content\\\/uploads\\\/2026\\\/08\\\/2026.png\",\"articleSection\":[\"Sin categorizar\"],\"inLanguage\":\"es\",\"potentialAction\":[{\"@type\":\"CommentAction\",\"name\":\"Comment\",\"target\":[\"https:\\\/\\\/www.weberverpackungen.de\\\/es\\\/calificacion-aa-en-la-certificacion-brcgs-packaging-materials-edicion-7\\\/#respond\"]}]},{\"@type\":\"WebPage\",\"@id\":\"https:\\\/\\\/www.weberverpackungen.de\\\/es\\\/calificacion-aa-en-la-certificacion-brcgs-packaging-materials-edicion-7\\\/\",\"url\":\"https:\\\/\\\/www.weberverpackungen.de\\\/es\\\/calificacion-aa-en-la-certificacion-brcgs-packaging-materials-edicion-7\\\/\",\"name\":\"Calificaci\u00f3n AA en la certificaci\u00f3n BRCGS Packaging Materials, edici\u00f3n 7 - WEBER Verpackungen\",\"isPartOf\":{\"@id\":\"https:\\\/\\\/www.weberverpackungen.de\\\/es\\\/#website\"},\"primaryImageOfPage\":{\"@id\":\"https:\\\/\\\/www.weberverpackungen.de\\\/es\\\/calificacion-aa-en-la-certificacion-brcgs-packaging-materials-edicion-7\\\/#primaryimage\"},\"image\":{\"@id\":\"https:\\\/\\\/www.weberverpackungen.de\\\/es\\\/calificacion-aa-en-la-certificacion-brcgs-packaging-materials-edicion-7\\\/#primaryimage\"},\"thumbnailUrl\":\"https:\\\/\\\/www.weberverpackungen.de\\\/wp-content\\\/uploads\\\/2026\\\/08\\\/2026.png\",\"datePublished\":\"2026-06-09T09:56:00+00:00\",\"dateModified\":\"2026-08-27T13:51:13+00:00\",\"author\":{\"@id\":\"https:\\\/\\\/www.weberverpackungen.de\\\/es\\\/#\\\/schema\\\/person\\\/58f6ef86ddffe82c7f24f28720605401\"},\"breadcrumb\":{\"@id\":\"https:\\\/\\\/www.weberverpackungen.de\\\/es\\\/calificacion-aa-en-la-certificacion-brcgs-packaging-materials-edicion-7\\\/#breadcrumb\"},\"inLanguage\":\"es\",\"potentialAction\":[{\"@type\":\"ReadAction\",\"target\":[\"https:\\\/\\\/www.weberverpackungen.de\\\/es\\\/calificacion-aa-en-la-certificacion-brcgs-packaging-materials-edicion-7\\\/\"]}]},{\"@type\":\"ImageObject\",\"inLanguage\":\"es\",\"@id\":\"https:\\\/\\\/www.weberverpackungen.de\\\/es\\\/calificacion-aa-en-la-certificacion-brcgs-packaging-materials-edicion-7\\\/#primaryimage\",\"url\":\"https:\\\/\\\/www.weberverpackungen.de\\\/wp-content\\\/uploads\\\/2026\\\/08\\\/2026.png\",\"contentUrl\":\"https:\\\/\\\/www.weberverpackungen.de\\\/wp-content\\\/uploads\\\/2026\\\/08\\\/2026.png\",\"width\":1080,\"height\":1350},{\"@type\":\"BreadcrumbList\",\"@id\":\"https:\\\/\\\/www.weberverpackungen.de\\\/es\\\/calificacion-aa-en-la-certificacion-brcgs-packaging-materials-edicion-7\\\/#breadcrumb\",\"itemListElement\":[{\"@type\":\"ListItem\",\"position\":1,\"name\":\"Start\",\"item\":\"https:\\\/\\\/www.weberverpackungen.de\\\/es\\\/\"},{\"@type\":\"ListItem\",\"position\":2,\"name\":\"Calificaci\u00f3n AA en la certificaci\u00f3n BRCGS Packaging Materials, edici\u00f3n 7\"}]},{\"@type\":\"WebSite\",\"@id\":\"https:\\\/\\\/www.weberverpackungen.de\\\/es\\\/#website\",\"url\":\"https:\\\/\\\/www.weberverpackungen.de\\\/es\\\/\",\"name\":\"WEBER Verpackungen\",\"description\":\"paper-based packaging\",\"potentialAction\":[{\"@type\":\"SearchAction\",\"target\":{\"@type\":\"EntryPoint\",\"urlTemplate\":\"https:\\\/\\\/www.weberverpackungen.de\\\/es\\\/?s={search_term_string}\"},\"query-input\":{\"@type\":\"PropertyValueSpecification\",\"valueRequired\":true,\"valueName\":\"search_term_string\"}}],\"inLanguage\":\"es\"},{\"@type\":\"Person\",\"@id\":\"https:\\\/\\\/www.weberverpackungen.de\\\/es\\\/#\\\/schema\\\/person\\\/58f6ef86ddffe82c7f24f28720605401\",\"name\":\"Felix Pl\u00fcmper\",\"image\":{\"@type\":\"ImageObject\",\"inLanguage\":\"es\",\"@id\":\"https:\\\/\\\/secure.gravatar.com\\\/avatar\\\/7f79dc2d7e526ba84ff1ed709aeb3dae85b7eae14bad5e0d05f5488c836a21a4?s=96&d=mm&r=g\",\"url\":\"https:\\\/\\\/secure.gravatar.com\\\/avatar\\\/7f79dc2d7e526ba84ff1ed709aeb3dae85b7eae14bad5e0d05f5488c836a21a4?s=96&d=mm&r=g\",\"contentUrl\":\"https:\\\/\\\/secure.gravatar.com\\\/avatar\\\/7f79dc2d7e526ba84ff1ed709aeb3dae85b7eae14bad5e0d05f5488c836a21a4?s=96&d=mm&r=g\",\"caption\":\"Felix Pl\u00fcmper\"},\"url\":\"https:\\\/\\\/www.weberverpackungen.de\\\/es\\\/author\\\/felix-pluemper\\\/\"}]}<\/script>\n<!-- \/ Yoast SEO plugin. -->","yoast_head_json":{"title":"Calificaci\u00f3n AA en la certificaci\u00f3n BRCGS Packaging Materials, edici\u00f3n 7 - WEBER Verpackungen","robots":{"index":"index","follow":"follow","max-snippet":"max-snippet:-1","max-image-preview":"max-image-preview:large","max-video-preview":"max-video-preview:-1"},"canonical":"https:\/\/www.weberverpackungen.de\/es\/calificacion-aa-en-la-certificacion-brcgs-packaging-materials-edicion-7\/","og_locale":"es_ES","og_type":"article","og_title":"Calificaci\u00f3n AA en la certificaci\u00f3n BRCGS Packaging Materials, edici\u00f3n 7 - WEBER Verpackungen","og_description":"La constancia no es casualidad: tambi\u00e9n en 2026, en el marco de una auditor\u00eda independiente realizada seg\u00fan los requisitos de la norma BRCGS Packaging Materials, 7.\u00aa edici\u00f3n, a cargo de T\u00dcV Rheinland, volvimos a obtener la m\u00e1xima calificaci\u00f3n AA. Para nosotros, este resultado es m\u00e1s que una simple confirmaci\u00f3n: demuestra que nuestros altos est\u00e1ndares de [&hellip;]","og_url":"https:\/\/www.weberverpackungen.de\/es\/calificacion-aa-en-la-certificacion-brcgs-packaging-materials-edicion-7\/","og_site_name":"WEBER Verpackungen","article_published_time":"2026-06-09T09:56:00+00:00","article_modified_time":"2026-08-27T13:51:13+00:00","og_image":[{"width":1080,"height":1350,"url":"https:\/\/www.weberverpackungen.de\/wp-content\/uploads\/2026\/08\/2026.png","type":"image\/png"}],"author":"Felix Pl\u00fcmper","twitter_card":"summary_large_image","twitter_misc":{"Escrito por":"Felix Pl\u00fcmper","Tiempo de lectura":"1 minuto"},"schema":{"@context":"https:\/\/schema.org","@graph":[{"@type":"Article","@id":"https:\/\/www.weberverpackungen.de\/es\/calificacion-aa-en-la-certificacion-brcgs-packaging-materials-edicion-7\/#article","isPartOf":{"@id":"https:\/\/www.weberverpackungen.de\/es\/calificacion-aa-en-la-certificacion-brcgs-packaging-materials-edicion-7\/"},"author":{"name":"Felix Pl\u00fcmper","@id":"https:\/\/www.weberverpackungen.de\/es\/#\/schema\/person\/58f6ef86ddffe82c7f24f28720605401"},"headline":"Calificaci\u00f3n AA en la certificaci\u00f3n BRCGS Packaging Materials, edici\u00f3n 7","datePublished":"2026-06-09T09:56:00+00:00","dateModified":"2026-08-27T13:51:13+00:00","mainEntityOfPage":{"@id":"https:\/\/www.weberverpackungen.de\/es\/calificacion-aa-en-la-certificacion-brcgs-packaging-materials-edicion-7\/"},"wordCount":239,"commentCount":0,"image":{"@id":"https:\/\/www.weberverpackungen.de\/es\/calificacion-aa-en-la-certificacion-brcgs-packaging-materials-edicion-7\/#primaryimage"},"thumbnailUrl":"https:\/\/www.weberverpackungen.de\/wp-content\/uploads\/2026\/08\/2026.png","articleSection":["Sin categorizar"],"inLanguage":"es","potentialAction":[{"@type":"CommentAction","name":"Comment","target":["https:\/\/www.weberverpackungen.de\/es\/calificacion-aa-en-la-certificacion-brcgs-packaging-materials-edicion-7\/#respond"]}]},{"@type":"WebPage","@id":"https:\/\/www.weberverpackungen.de\/es\/calificacion-aa-en-la-certificacion-brcgs-packaging-materials-edicion-7\/","url":"https:\/\/www.weberverpackungen.de\/es\/calificacion-aa-en-la-certificacion-brcgs-packaging-materials-edicion-7\/","name":"Calificaci\u00f3n AA en la certificaci\u00f3n BRCGS Packaging Materials, edici\u00f3n 7 - WEBER Verpackungen","isPartOf":{"@id":"https:\/\/www.weberverpackungen.de\/es\/#website"},"primaryImageOfPage":{"@id":"https:\/\/www.weberverpackungen.de\/es\/calificacion-aa-en-la-certificacion-brcgs-packaging-materials-edicion-7\/#primaryimage"},"image":{"@id":"https:\/\/www.weberverpackungen.de\/es\/calificacion-aa-en-la-certificacion-brcgs-packaging-materials-edicion-7\/#primaryimage"},"thumbnailUrl":"https:\/\/www.weberverpackungen.de\/wp-content\/uploads\/2026\/08\/2026.png","datePublished":"2026-06-09T09:56:00+00:00","dateModified":"2026-08-27T13:51:13+00:00","author":{"@id":"https:\/\/www.weberverpackungen.de\/es\/#\/schema\/person\/58f6ef86ddffe82c7f24f28720605401"},"breadcrumb":{"@id":"https:\/\/www.weberverpackungen.de\/es\/calificacion-aa-en-la-certificacion-brcgs-packaging-materials-edicion-7\/#breadcrumb"},"inLanguage":"es","potentialAction":[{"@type":"ReadAction","target":["https:\/\/www.weberverpackungen.de\/es\/calificacion-aa-en-la-certificacion-brcgs-packaging-materials-edicion-7\/"]}]},{"@type":"ImageObject","inLanguage":"es","@id":"https:\/\/www.weberverpackungen.de\/es\/calificacion-aa-en-la-certificacion-brcgs-packaging-materials-edicion-7\/#primaryimage","url":"https:\/\/www.weberverpackungen.de\/wp-content\/uploads\/2026\/08\/2026.png","contentUrl":"https:\/\/www.weberverpackungen.de\/wp-content\/uploads\/2026\/08\/2026.png","width":1080,"height":1350},{"@type":"BreadcrumbList","@id":"https:\/\/www.weberverpackungen.de\/es\/calificacion-aa-en-la-certificacion-brcgs-packaging-materials-edicion-7\/#breadcrumb","itemListElement":[{"@type":"ListItem","position":1,"name":"Start","item":"https:\/\/www.weberverpackungen.de\/es\/"},{"@type":"ListItem","position":2,"name":"Calificaci\u00f3n AA en la certificaci\u00f3n BRCGS Packaging Materials, edici\u00f3n 7"}]},{"@type":"WebSite","@id":"https:\/\/www.weberverpackungen.de\/es\/#website","url":"https:\/\/www.weberverpackungen.de\/es\/","name":"WEBER Verpackungen","description":"paper-based packaging","potentialAction":[{"@type":"SearchAction","target":{"@type":"EntryPoint","urlTemplate":"https:\/\/www.weberverpackungen.de\/es\/?s={search_term_string}"},"query-input":{"@type":"PropertyValueSpecification","valueRequired":true,"valueName":"search_term_string"}}],"inLanguage":"es"},{"@type":"Person","@id":"https:\/\/www.weberverpackungen.de\/es\/#\/schema\/person\/58f6ef86ddffe82c7f24f28720605401","name":"Felix Pl\u00fcmper","image":{"@type":"ImageObject","inLanguage":"es","@id":"https:\/\/secure.gravatar.com\/avatar\/7f79dc2d7e526ba84ff1ed709aeb3dae85b7eae14bad5e0d05f5488c836a21a4?s=96&d=mm&r=g","url":"https:\/\/secure.gravatar.com\/avatar\/7f79dc2d7e526ba84ff1ed709aeb3dae85b7eae14bad5e0d05f5488c836a21a4?s=96&d=mm&r=g","contentUrl":"https:\/\/secure.gravatar.com\/avatar\/7f79dc2d7e526ba84ff1ed709aeb3dae85b7eae14bad5e0d05f5488c836a21a4?s=96&d=mm&r=g","caption":"Felix Pl\u00fcmper"},"url":"https:\/\/www.weberverpackungen.de\/es\/author\/felix-pluemper\/"}]}},"_links":{"self":[{"href":"https:\/\/www.weberverpackungen.de\/es\/wp-json\/wp\/v2\/posts\/9486","targetHints":{"allow":["GET"]}}],"collection":[{"href":"https:\/\/www.weberverpackungen.de\/es\/wp-json\/wp\/v2\/posts"}],"about":[{"href":"https:\/\/www.weberverpackungen.de\/es\/wp-json\/wp\/v2\/types\/post"}],"author":[{"embeddable":true,"href":"https:\/\/www.weberverpackungen.de\/es\/wp-json\/wp\/v2\/users\/7"}],"replies":[{"embeddable":true,"href":"https:\/\/www.weberverpackungen.de\/es\/wp-json\/wp\/v2\/comments?post=9486"}],"version-history":[{"count":1,"href":"https:\/\/www.weberverpackungen.de\/es\/wp-json\/wp\/v2\/posts\/9486\/revisions"}],"predecessor-version":[{"id":9487,"href":"https:\/\/www.weberverpackungen.de\/es\/wp-json\/wp\/v2\/posts\/9486\/revisions\/9487"}],"wp:featuredmedia":[{"embeddable":true,"href":"https:\/\/www.weberverpackungen.de\/es\/wp-json\/wp\/v2\/media\/8841"}],"wp:attachment":[{"href":"https:\/\/www.weberverpackungen.de\/es\/wp-json\/wp\/v2\/media?parent=9486"}],"wp:term":[{"taxonomy":"category","embeddable":true,"href":"https:\/\/www.weberverpackungen.de\/es\/wp-json\/wp\/v2\/categories?post=9486"},{"taxonomy":"post_tag","embeddable":true,"href":"https:\/\/www.weberverpackungen.de\/es\/wp-json\/wp\/v2\/tags?post=9486"}],"curies":[{"name":"wp","href":"https:\/\/api.w.org\/{rel}","templated":true}]}}