{"id":6803,"date":"2026-05-07T13:22:44","date_gmt":"2026-05-07T11:22:44","guid":{"rendered":"https:\/\/weberverpackungen.de\/cest-parti-aujourdhui-interpack-2026\/"},"modified":"2026-07-13T15:35:05","modified_gmt":"2026-07-13T13:35:05","slug":"cest-parti-aujourdhui-interpack-2026","status":"publish","type":"post","link":"https:\/\/www.weberverpackungen.de\/fr\/cest-parti-aujourdhui-interpack-2026\/","title":{"rendered":"C&rsquo;est parti aujourd&rsquo;hui \u2013 INTERPACK 2026 !"},"content":{"rendered":"\n<div class=\"wp-block-group\"><div class=\"wp-block-group__inner-container is-layout-constrained wp-block-group-is-layout-constrained\">\n<figure class=\"wp-block-gallery has-nested-images columns-default is-cropped wp-block-gallery-1 is-layout-flex wp-block-gallery-is-layout-flex\">\n<figure class=\"wp-block-image size-large\"><img loading=\"lazy\" decoding=\"async\" width=\"768\" height=\"1024\" data-id=\"5361\" src=\"https:\/\/www.weberverpackungen.de\/wp-content\/uploads\/2026\/05\/image00015-768x1024.jpeg\" alt=\"\" class=\"wp-image-5361\" srcset=\"https:\/\/www.weberverpackungen.de\/wp-content\/uploads\/2026\/05\/image00015-768x1024.jpeg 768w, https:\/\/www.weberverpackungen.de\/wp-content\/uploads\/2026\/05\/image00015-225x300.jpeg 225w, https:\/\/www.weberverpackungen.de\/wp-content\/uploads\/2026\/05\/image00015-1152x1536.jpeg 1152w, https:\/\/www.weberverpackungen.de\/wp-content\/uploads\/2026\/05\/image00015-1536x2048.jpeg 1536w, https:\/\/www.weberverpackungen.de\/wp-content\/uploads\/2026\/05\/image00015-scaled.jpeg 1920w\" sizes=\"auto, (max-width: 768px) 100vw, 768px\" \/><\/figure>\n\n\n\n<figure class=\"wp-block-image size-large\"><img loading=\"lazy\" decoding=\"async\" width=\"819\" height=\"1024\" data-id=\"5359\" src=\"https:\/\/www.weberverpackungen.de\/wp-content\/uploads\/2026\/05\/1-2-819x1024.png\" alt=\"\" class=\"wp-image-5359\" srcset=\"https:\/\/www.weberverpackungen.de\/wp-content\/uploads\/2026\/05\/1-2-819x1024.png 819w, https:\/\/www.weberverpackungen.de\/wp-content\/uploads\/2026\/05\/1-2-240x300.png 240w, https:\/\/www.weberverpackungen.de\/wp-content\/uploads\/2026\/05\/1-2-768x960.png 768w, https:\/\/www.weberverpackungen.de\/wp-content\/uploads\/2026\/05\/1-2.png 1080w\" sizes=\"auto, (max-width: 819px) 100vw, 819px\" \/><\/figure>\n\n\n\n<figure class=\"wp-block-image size-large\"><img loading=\"lazy\" decoding=\"async\" width=\"819\" height=\"1024\" data-id=\"5360\" src=\"https:\/\/www.weberverpackungen.de\/wp-content\/uploads\/2026\/05\/2-2-819x1024.png\" alt=\"\" class=\"wp-image-5360\" srcset=\"https:\/\/www.weberverpackungen.de\/wp-content\/uploads\/2026\/05\/2-2-819x1024.png 819w, https:\/\/www.weberverpackungen.de\/wp-content\/uploads\/2026\/05\/2-2-240x300.png 240w, https:\/\/www.weberverpackungen.de\/wp-content\/uploads\/2026\/05\/2-2-768x960.png 768w, https:\/\/www.weberverpackungen.de\/wp-content\/uploads\/2026\/05\/2-2.png 1080w\" sizes=\"auto, (max-width: 819px) 100vw, 819px\" \/><\/figure>\n<\/figure>\n<\/div><\/div>\n\n<p class=\"wp-block-paragraph\">Venez nous rendre visite d\u00e8s aujourd\u2019hui au salon <a href=\"https:\/\/www.instagram.com\/interpack_official\/\">interpack<\/a> de D\u00fcsseldorf, le plus grand salon professionnel mondial d\u00e9di\u00e9 \u00e0 l\u2019emballage !<br\/>Du 7 au 13 mai 2026, nous vous pr\u00e9senterons notre large gamme de solutions d\u2019emballage innovantes et durables, \u00ab Made in Germany \u00bb. <\/p>\n\n<p class=\"wp-block-paragraph\">D\u00e9couvrez :<br\/>\u2013 les sachets classiques \u00e0 plis et \u00e0 bandes transparentes<br\/>\u2013 les sachets \u00e0 snacks modernes dot\u00e9s d\u2019une fermeture autocollante pratique<br\/>nos c\u00e9l\u00e8bres Streetfood Bags pour un plaisir tout frais<br\/>\u2013 les rouleaux pour distributeurs automatiques et les emballages Flow-Wrap efficaces pour les processus automatis\u00e9s<br\/>\u2013 des solutions non alimentaires performantes telles que le reLoc Bag, ESD Paper Bag et Transparent Paper Bag<\/p>\n\n<p class=\"wp-block-paragraph\">Venez nous rendre visite, laissez-vous inspirer et discutez avec nous des emballages intelligents pour les produits alimentaires et non alimentaires ! \ud83d\ude4c<\/p>\n\n<p class=\"wp-block-paragraph\">Du 7 au 13 mai 2026<br\/>Messe D\u00fcsseldorf<br\/>Hall 8a | Stand E29<\/p>\n\n<p class=\"wp-block-paragraph\"><br\/>Nous avons h\u00e2te d&rsquo;\u00e9changer avec vous ! \ud83c\udf89<\/p>\n","protected":false},"excerpt":{"rendered":"<p>Venez nous rendre visite d\u00e8s aujourd\u2019hui au salon interpack de D\u00fcsseldorf, le plus grand salon professionnel mondial d\u00e9di\u00e9 \u00e0 l\u2019emballage !Du 7 au 13 mai 2026, nous vous pr\u00e9senterons notre large gamme de solutions d\u2019emballage innovantes et durables, \u00ab Made in Germany \u00bb. D\u00e9couvrez :\u2013 les sachets classiques \u00e0 plis et \u00e0 bandes transparentes\u2013 les [&hellip;]<\/p>\n","protected":false},"author":7,"featured_media":6805,"comment_status":"open","ping_status":"open","sticky":false,"template":"","format":"standard","meta":{"_acf_changed":false,"footnotes":""},"categories":[24],"tags":[],"class_list":["post-6803","post","type-post","status-publish","format-standard","has-post-thumbnail","hentry","category-non-classe"],"acf":[],"yoast_head":"<!-- This site is optimized with the Yoast SEO plugin v28.3 - https:\/\/yoast.com\/product\/yoast-seo-wordpress\/ -->\n<title>C&#039;est parti aujourd&#039;hui \u2013 INTERPACK 2026 ! - WEBER Verpackungen<\/title>\n<meta name=\"robots\" content=\"index, follow, max-snippet:-1, max-image-preview:large, max-video-preview:-1\" \/>\n<link rel=\"canonical\" href=\"https:\/\/www.weberverpackungen.de\/fr\/cest-parti-aujourdhui-interpack-2026\/\" \/>\n<meta property=\"og:locale\" content=\"fr_FR\" \/>\n<meta property=\"og:type\" content=\"article\" \/>\n<meta property=\"og:title\" content=\"C&#039;est parti aujourd&#039;hui \u2013 INTERPACK 2026 ! - WEBER Verpackungen\" \/>\n<meta property=\"og:description\" content=\"Venez nous rendre visite d\u00e8s aujourd\u2019hui au salon interpack de D\u00fcsseldorf, le plus grand salon professionnel mondial d\u00e9di\u00e9 \u00e0 l\u2019emballage !Du 7 au 13 mai 2026, nous vous pr\u00e9senterons notre large gamme de solutions d\u2019emballage innovantes et durables, \u00ab Made in Germany \u00bb. D\u00e9couvrez :\u2013 les sachets classiques \u00e0 plis et \u00e0 bandes transparentes\u2013 les [&hellip;]\" \/>\n<meta property=\"og:url\" content=\"https:\/\/www.weberverpackungen.de\/fr\/cest-parti-aujourdhui-interpack-2026\/\" \/>\n<meta property=\"og:site_name\" content=\"WEBER Verpackungen\" \/>\n<meta property=\"article:published_time\" content=\"2026-05-07T11:22:44+00:00\" \/>\n<meta property=\"article:modified_time\" content=\"2026-07-13T13:35:05+00:00\" \/>\n<meta property=\"og:image\" content=\"https:\/\/www.weberverpackungen.de\/wp-content\/uploads\/2026\/05\/image00015-scaled.jpeg\" \/>\n\t<meta property=\"og:image:width\" content=\"1920\" \/>\n\t<meta property=\"og:image:height\" content=\"2560\" \/>\n\t<meta property=\"og:image:type\" content=\"image\/jpeg\" \/>\n<meta name=\"author\" content=\"Felix Pl\u00fcmper\" \/>\n<meta name=\"twitter:card\" content=\"summary_large_image\" \/>\n<meta name=\"twitter:label1\" content=\"\u00c9crit par\" \/>\n\t<meta name=\"twitter:data1\" content=\"Felix Pl\u00fcmper\" \/>\n\t<meta name=\"twitter:label2\" content=\"Dur\u00e9e de lecture estim\u00e9e\" \/>\n\t<meta name=\"twitter:data2\" content=\"1 minute\" \/>\n<script type=\"application\/ld+json\" class=\"yoast-schema-graph\">{\"@context\":\"https:\\\/\\\/schema.org\",\"@graph\":[{\"@type\":\"Article\",\"@id\":\"https:\\\/\\\/www.weberverpackungen.de\\\/fr\\\/cest-parti-aujourdhui-interpack-2026\\\/#article\",\"isPartOf\":{\"@id\":\"https:\\\/\\\/www.weberverpackungen.de\\\/fr\\\/cest-parti-aujourdhui-interpack-2026\\\/\"},\"author\":{\"name\":\"Felix Pl\u00fcmper\",\"@id\":\"https:\\\/\\\/www.weberverpackungen.de\\\/fr\\\/#\\\/schema\\\/person\\\/58f6ef86ddffe82c7f24f28720605401\"},\"headline\":\"C&rsquo;est parti aujourd&rsquo;hui \u2013 INTERPACK 2026 !\",\"datePublished\":\"2026-05-07T11:22:44+00:00\",\"dateModified\":\"2026-07-13T13:35:05+00:00\",\"mainEntityOfPage\":{\"@id\":\"https:\\\/\\\/www.weberverpackungen.de\\\/fr\\\/cest-parti-aujourdhui-interpack-2026\\\/\"},\"wordCount\":150,\"commentCount\":0,\"image\":{\"@id\":\"https:\\\/\\\/www.weberverpackungen.de\\\/fr\\\/cest-parti-aujourdhui-interpack-2026\\\/#primaryimage\"},\"thumbnailUrl\":\"https:\\\/\\\/www.weberverpackungen.de\\\/wp-content\\\/uploads\\\/2026\\\/05\\\/image00015-scaled.jpeg\",\"inLanguage\":\"fr-FR\",\"potentialAction\":[{\"@type\":\"CommentAction\",\"name\":\"Comment\",\"target\":[\"https:\\\/\\\/www.weberverpackungen.de\\\/fr\\\/cest-parti-aujourdhui-interpack-2026\\\/#respond\"]}]},{\"@type\":\"WebPage\",\"@id\":\"https:\\\/\\\/www.weberverpackungen.de\\\/fr\\\/cest-parti-aujourdhui-interpack-2026\\\/\",\"url\":\"https:\\\/\\\/www.weberverpackungen.de\\\/fr\\\/cest-parti-aujourdhui-interpack-2026\\\/\",\"name\":\"C'est parti aujourd'hui \u2013 INTERPACK 2026 ! - WEBER Verpackungen\",\"isPartOf\":{\"@id\":\"https:\\\/\\\/www.weberverpackungen.de\\\/fr\\\/#website\"},\"primaryImageOfPage\":{\"@id\":\"https:\\\/\\\/www.weberverpackungen.de\\\/fr\\\/cest-parti-aujourdhui-interpack-2026\\\/#primaryimage\"},\"image\":{\"@id\":\"https:\\\/\\\/www.weberverpackungen.de\\\/fr\\\/cest-parti-aujourdhui-interpack-2026\\\/#primaryimage\"},\"thumbnailUrl\":\"https:\\\/\\\/www.weberverpackungen.de\\\/wp-content\\\/uploads\\\/2026\\\/05\\\/image00015-scaled.jpeg\",\"datePublished\":\"2026-05-07T11:22:44+00:00\",\"dateModified\":\"2026-07-13T13:35:05+00:00\",\"author\":{\"@id\":\"https:\\\/\\\/www.weberverpackungen.de\\\/fr\\\/#\\\/schema\\\/person\\\/58f6ef86ddffe82c7f24f28720605401\"},\"breadcrumb\":{\"@id\":\"https:\\\/\\\/www.weberverpackungen.de\\\/fr\\\/cest-parti-aujourdhui-interpack-2026\\\/#breadcrumb\"},\"inLanguage\":\"fr-FR\",\"potentialAction\":[{\"@type\":\"ReadAction\",\"target\":[\"https:\\\/\\\/www.weberverpackungen.de\\\/fr\\\/cest-parti-aujourdhui-interpack-2026\\\/\"]}]},{\"@type\":\"ImageObject\",\"inLanguage\":\"fr-FR\",\"@id\":\"https:\\\/\\\/www.weberverpackungen.de\\\/fr\\\/cest-parti-aujourdhui-interpack-2026\\\/#primaryimage\",\"url\":\"https:\\\/\\\/www.weberverpackungen.de\\\/wp-content\\\/uploads\\\/2026\\\/05\\\/image00015-scaled.jpeg\",\"contentUrl\":\"https:\\\/\\\/www.weberverpackungen.de\\\/wp-content\\\/uploads\\\/2026\\\/05\\\/image00015-scaled.jpeg\",\"width\":1920,\"height\":2560},{\"@type\":\"BreadcrumbList\",\"@id\":\"https:\\\/\\\/www.weberverpackungen.de\\\/fr\\\/cest-parti-aujourdhui-interpack-2026\\\/#breadcrumb\",\"itemListElement\":[{\"@type\":\"ListItem\",\"position\":1,\"name\":\"Start\",\"item\":\"https:\\\/\\\/www.weberverpackungen.de\\\/fr\\\/\"},{\"@type\":\"ListItem\",\"position\":2,\"name\":\"C&#8217;est parti aujourd&#8217;hui \u2013 INTERPACK 2026 !\"}]},{\"@type\":\"WebSite\",\"@id\":\"https:\\\/\\\/www.weberverpackungen.de\\\/fr\\\/#website\",\"url\":\"https:\\\/\\\/www.weberverpackungen.de\\\/fr\\\/\",\"name\":\"WEBER Verpackungen\",\"description\":\"paper-based packaging\",\"potentialAction\":[{\"@type\":\"SearchAction\",\"target\":{\"@type\":\"EntryPoint\",\"urlTemplate\":\"https:\\\/\\\/www.weberverpackungen.de\\\/fr\\\/?s={search_term_string}\"},\"query-input\":{\"@type\":\"PropertyValueSpecification\",\"valueRequired\":true,\"valueName\":\"search_term_string\"}}],\"inLanguage\":\"fr-FR\"},{\"@type\":\"Person\",\"@id\":\"https:\\\/\\\/www.weberverpackungen.de\\\/fr\\\/#\\\/schema\\\/person\\\/58f6ef86ddffe82c7f24f28720605401\",\"name\":\"Felix Pl\u00fcmper\",\"image\":{\"@type\":\"ImageObject\",\"inLanguage\":\"fr-FR\",\"@id\":\"https:\\\/\\\/secure.gravatar.com\\\/avatar\\\/7f79dc2d7e526ba84ff1ed709aeb3dae85b7eae14bad5e0d05f5488c836a21a4?s=96&d=mm&r=g\",\"url\":\"https:\\\/\\\/secure.gravatar.com\\\/avatar\\\/7f79dc2d7e526ba84ff1ed709aeb3dae85b7eae14bad5e0d05f5488c836a21a4?s=96&d=mm&r=g\",\"contentUrl\":\"https:\\\/\\\/secure.gravatar.com\\\/avatar\\\/7f79dc2d7e526ba84ff1ed709aeb3dae85b7eae14bad5e0d05f5488c836a21a4?s=96&d=mm&r=g\",\"caption\":\"Felix Pl\u00fcmper\"},\"url\":\"https:\\\/\\\/www.weberverpackungen.de\\\/fr\\\/author\\\/felix-pluemper\\\/\"}]}<\/script>\n<!-- \/ Yoast SEO plugin. -->","yoast_head_json":{"title":"C'est parti aujourd'hui \u2013 INTERPACK 2026 ! - WEBER Verpackungen","robots":{"index":"index","follow":"follow","max-snippet":"max-snippet:-1","max-image-preview":"max-image-preview:large","max-video-preview":"max-video-preview:-1"},"canonical":"https:\/\/www.weberverpackungen.de\/fr\/cest-parti-aujourdhui-interpack-2026\/","og_locale":"fr_FR","og_type":"article","og_title":"C'est parti aujourd'hui \u2013 INTERPACK 2026 ! - WEBER Verpackungen","og_description":"Venez nous rendre visite d\u00e8s aujourd\u2019hui au salon interpack de D\u00fcsseldorf, le plus grand salon professionnel mondial d\u00e9di\u00e9 \u00e0 l\u2019emballage !Du 7 au 13 mai 2026, nous vous pr\u00e9senterons notre large gamme de solutions d\u2019emballage innovantes et durables, \u00ab Made in Germany \u00bb. D\u00e9couvrez :\u2013 les sachets classiques \u00e0 plis et \u00e0 bandes transparentes\u2013 les [&hellip;]","og_url":"https:\/\/www.weberverpackungen.de\/fr\/cest-parti-aujourdhui-interpack-2026\/","og_site_name":"WEBER Verpackungen","article_published_time":"2026-05-07T11:22:44+00:00","article_modified_time":"2026-07-13T13:35:05+00:00","og_image":[{"width":1920,"height":2560,"url":"https:\/\/www.weberverpackungen.de\/wp-content\/uploads\/2026\/05\/image00015-scaled.jpeg","type":"image\/jpeg"}],"author":"Felix Pl\u00fcmper","twitter_card":"summary_large_image","twitter_misc":{"\u00c9crit par":"Felix Pl\u00fcmper","Dur\u00e9e de lecture estim\u00e9e":"1 minute"},"schema":{"@context":"https:\/\/schema.org","@graph":[{"@type":"Article","@id":"https:\/\/www.weberverpackungen.de\/fr\/cest-parti-aujourdhui-interpack-2026\/#article","isPartOf":{"@id":"https:\/\/www.weberverpackungen.de\/fr\/cest-parti-aujourdhui-interpack-2026\/"},"author":{"name":"Felix Pl\u00fcmper","@id":"https:\/\/www.weberverpackungen.de\/fr\/#\/schema\/person\/58f6ef86ddffe82c7f24f28720605401"},"headline":"C&rsquo;est parti aujourd&rsquo;hui \u2013 INTERPACK 2026 !","datePublished":"2026-05-07T11:22:44+00:00","dateModified":"2026-07-13T13:35:05+00:00","mainEntityOfPage":{"@id":"https:\/\/www.weberverpackungen.de\/fr\/cest-parti-aujourdhui-interpack-2026\/"},"wordCount":150,"commentCount":0,"image":{"@id":"https:\/\/www.weberverpackungen.de\/fr\/cest-parti-aujourdhui-interpack-2026\/#primaryimage"},"thumbnailUrl":"https:\/\/www.weberverpackungen.de\/wp-content\/uploads\/2026\/05\/image00015-scaled.jpeg","inLanguage":"fr-FR","potentialAction":[{"@type":"CommentAction","name":"Comment","target":["https:\/\/www.weberverpackungen.de\/fr\/cest-parti-aujourdhui-interpack-2026\/#respond"]}]},{"@type":"WebPage","@id":"https:\/\/www.weberverpackungen.de\/fr\/cest-parti-aujourdhui-interpack-2026\/","url":"https:\/\/www.weberverpackungen.de\/fr\/cest-parti-aujourdhui-interpack-2026\/","name":"C'est parti aujourd'hui \u2013 INTERPACK 2026 ! - WEBER Verpackungen","isPartOf":{"@id":"https:\/\/www.weberverpackungen.de\/fr\/#website"},"primaryImageOfPage":{"@id":"https:\/\/www.weberverpackungen.de\/fr\/cest-parti-aujourdhui-interpack-2026\/#primaryimage"},"image":{"@id":"https:\/\/www.weberverpackungen.de\/fr\/cest-parti-aujourdhui-interpack-2026\/#primaryimage"},"thumbnailUrl":"https:\/\/www.weberverpackungen.de\/wp-content\/uploads\/2026\/05\/image00015-scaled.jpeg","datePublished":"2026-05-07T11:22:44+00:00","dateModified":"2026-07-13T13:35:05+00:00","author":{"@id":"https:\/\/www.weberverpackungen.de\/fr\/#\/schema\/person\/58f6ef86ddffe82c7f24f28720605401"},"breadcrumb":{"@id":"https:\/\/www.weberverpackungen.de\/fr\/cest-parti-aujourdhui-interpack-2026\/#breadcrumb"},"inLanguage":"fr-FR","potentialAction":[{"@type":"ReadAction","target":["https:\/\/www.weberverpackungen.de\/fr\/cest-parti-aujourdhui-interpack-2026\/"]}]},{"@type":"ImageObject","inLanguage":"fr-FR","@id":"https:\/\/www.weberverpackungen.de\/fr\/cest-parti-aujourdhui-interpack-2026\/#primaryimage","url":"https:\/\/www.weberverpackungen.de\/wp-content\/uploads\/2026\/05\/image00015-scaled.jpeg","contentUrl":"https:\/\/www.weberverpackungen.de\/wp-content\/uploads\/2026\/05\/image00015-scaled.jpeg","width":1920,"height":2560},{"@type":"BreadcrumbList","@id":"https:\/\/www.weberverpackungen.de\/fr\/cest-parti-aujourdhui-interpack-2026\/#breadcrumb","itemListElement":[{"@type":"ListItem","position":1,"name":"Start","item":"https:\/\/www.weberverpackungen.de\/fr\/"},{"@type":"ListItem","position":2,"name":"C&#8217;est parti aujourd&#8217;hui \u2013 INTERPACK 2026 !"}]},{"@type":"WebSite","@id":"https:\/\/www.weberverpackungen.de\/fr\/#website","url":"https:\/\/www.weberverpackungen.de\/fr\/","name":"WEBER Verpackungen","description":"paper-based packaging","potentialAction":[{"@type":"SearchAction","target":{"@type":"EntryPoint","urlTemplate":"https:\/\/www.weberverpackungen.de\/fr\/?s={search_term_string}"},"query-input":{"@type":"PropertyValueSpecification","valueRequired":true,"valueName":"search_term_string"}}],"inLanguage":"fr-FR"},{"@type":"Person","@id":"https:\/\/www.weberverpackungen.de\/fr\/#\/schema\/person\/58f6ef86ddffe82c7f24f28720605401","name":"Felix Pl\u00fcmper","image":{"@type":"ImageObject","inLanguage":"fr-FR","@id":"https:\/\/secure.gravatar.com\/avatar\/7f79dc2d7e526ba84ff1ed709aeb3dae85b7eae14bad5e0d05f5488c836a21a4?s=96&d=mm&r=g","url":"https:\/\/secure.gravatar.com\/avatar\/7f79dc2d7e526ba84ff1ed709aeb3dae85b7eae14bad5e0d05f5488c836a21a4?s=96&d=mm&r=g","contentUrl":"https:\/\/secure.gravatar.com\/avatar\/7f79dc2d7e526ba84ff1ed709aeb3dae85b7eae14bad5e0d05f5488c836a21a4?s=96&d=mm&r=g","caption":"Felix Pl\u00fcmper"},"url":"https:\/\/www.weberverpackungen.de\/fr\/author\/felix-pluemper\/"}]}},"_links":{"self":[{"href":"https:\/\/www.weberverpackungen.de\/fr\/wp-json\/wp\/v2\/posts\/6803","targetHints":{"allow":["GET"]}}],"collection":[{"href":"https:\/\/www.weberverpackungen.de\/fr\/wp-json\/wp\/v2\/posts"}],"about":[{"href":"https:\/\/www.weberverpackungen.de\/fr\/wp-json\/wp\/v2\/types\/post"}],"author":[{"embeddable":true,"href":"https:\/\/www.weberverpackungen.de\/fr\/wp-json\/wp\/v2\/users\/7"}],"replies":[{"embeddable":true,"href":"https:\/\/www.weberverpackungen.de\/fr\/wp-json\/wp\/v2\/comments?post=6803"}],"version-history":[{"count":1,"href":"https:\/\/www.weberverpackungen.de\/fr\/wp-json\/wp\/v2\/posts\/6803\/revisions"}],"predecessor-version":[{"id":6806,"href":"https:\/\/www.weberverpackungen.de\/fr\/wp-json\/wp\/v2\/posts\/6803\/revisions\/6806"}],"wp:featuredmedia":[{"embeddable":true,"href":"https:\/\/www.weberverpackungen.de\/fr\/wp-json\/wp\/v2\/media\/6805"}],"wp:attachment":[{"href":"https:\/\/www.weberverpackungen.de\/fr\/wp-json\/wp\/v2\/media?parent=6803"}],"wp:term":[{"taxonomy":"category","embeddable":true,"href":"https:\/\/www.weberverpackungen.de\/fr\/wp-json\/wp\/v2\/categories?post=6803"},{"taxonomy":"post_tag","embeddable":true,"href":"https:\/\/www.weberverpackungen.de\/fr\/wp-json\/wp\/v2\/tags?post=6803"}],"curies":[{"name":"wp","href":"https:\/\/api.w.org\/{rel}","templated":true}]}}