{"id":6829,"date":"2026-05-06T12:56:08","date_gmt":"2026-05-06T10:56:08","guid":{"rendered":"https:\/\/weberverpackungen.de\/repenser-ensemble-lemballage-dinovo-passe-aux-emballages-en-papier\/"},"modified":"2026-07-13T15:35:09","modified_gmt":"2026-07-13T13:35:09","slug":"repenser-ensemble-lemballage-dinovo-passe-aux-emballages-en-papier","status":"publish","type":"post","link":"https:\/\/www.weberverpackungen.de\/fr\/repenser-ensemble-lemballage-dinovo-passe-aux-emballages-en-papier\/","title":{"rendered":"Repenser ensemble l&#8217;emballage \u2013 DiNOVO passe aux emballages en papier"},"content":{"rendered":"\n<figure class=\"wp-block-gallery has-nested-images columns-default is-cropped wp-block-gallery-1 is-layout-flex wp-block-gallery-is-layout-flex\">\n<figure class=\"wp-block-image size-large\"><img loading=\"lazy\" decoding=\"async\" width=\"819\" height=\"1024\" data-id=\"5355\" src=\"https:\/\/www.weberverpackungen.de\/wp-content\/uploads\/2026\/05\/2-1-819x1024.png\" alt=\"\" class=\"wp-image-5355\" srcset=\"https:\/\/www.weberverpackungen.de\/wp-content\/uploads\/2026\/05\/2-1-819x1024.png 819w, https:\/\/www.weberverpackungen.de\/wp-content\/uploads\/2026\/05\/2-1-240x300.png 240w, https:\/\/www.weberverpackungen.de\/wp-content\/uploads\/2026\/05\/2-1-768x960.png 768w, https:\/\/www.weberverpackungen.de\/wp-content\/uploads\/2026\/05\/2-1.png 1200w\" sizes=\"auto, (max-width: 819px) 100vw, 819px\" \/><\/figure>\n\n\n\n<figure class=\"wp-block-image size-large\"><img loading=\"lazy\" decoding=\"async\" width=\"819\" height=\"1024\" data-id=\"5354\" src=\"https:\/\/www.weberverpackungen.de\/wp-content\/uploads\/2026\/05\/1-1-819x1024.png\" alt=\"\" class=\"wp-image-5354\" srcset=\"https:\/\/www.weberverpackungen.de\/wp-content\/uploads\/2026\/05\/1-1-819x1024.png 819w, https:\/\/www.weberverpackungen.de\/wp-content\/uploads\/2026\/05\/1-1-240x300.png 240w, https:\/\/www.weberverpackungen.de\/wp-content\/uploads\/2026\/05\/1-1-768x960.png 768w, https:\/\/www.weberverpackungen.de\/wp-content\/uploads\/2026\/05\/1-1.png 1200w\" sizes=\"auto, (max-width: 819px) 100vw, 819px\" \/><\/figure>\n<\/figure>\n\n<p class=\"wp-block-paragraph\"><\/p>\n\n<p class=\"wp-block-paragraph\">Le d\u00e9veloppement durable ne se construit pas du jour au lendemain, mais gr\u00e2ce \u00e0 des choix r\u00e9fl\u00e9chis et \u00e0 des partenariats solides.<\/p>\n\n<p class=\"wp-block-paragraph\">Nous sommes ravis de vous donner aujourd&rsquo;hui un petit aper\u00e7u de notre collaboration avec DiNOVO, une entreprise moderne sp\u00e9cialis\u00e9e dans les v\u00eatements de travail, situ\u00e9e \u00e0 Hagen.<\/p>\n\n<p class=\"wp-block-paragraph\">Depuis peu, DiNOVO emballe ses chemises, chemisiers, polos et t-shirts dans nos sacs en papier transparent et abandonne ainsi progressivement les emballages en plastique utilis\u00e9s jusqu&rsquo;\u00e0 pr\u00e9sent.<\/p>\n\n<p class=\"wp-block-paragraph\">Cette entreprise de Hagen fait preuve d&rsquo;un v\u00e9ritable engagement dans ce domaine \u2013 et nous sommes fiers de l&rsquo;accompagner dans cette voie.<\/p>\n\n<p class=\"wp-block-paragraph\">En quoi cela est-il pertinent ?<br\/>Car chaque entreprise peut assumer ses responsabilit\u00e9s. Le passage des emballages en plastique aux emballages en papier constitue un levier efficace pour pr\u00e9server les ressources et r\u00e9duire son empreinte \u00e9cologique.<br\/>DiNOVO d\u00e9montre que la durabilit\u00e9 et une pr\u00e9sentation haut de gamme des produits ne sont pas incompatibles.<br\/>Le choix s\u2019est port\u00e9 sur notre Transparent Paper Bag, une solution d\u2019emballage flexible qui, gr\u00e2ce \u00e0 ses propri\u00e9t\u00e9s, peut \u00eatre utilis\u00e9e bien au-del\u00e0 du secteur textile. <\/p>\n\n<p class=\"wp-block-paragraph\">Fabriqu\u00e9 \u00e0 100 % en papier pergamine, il allie durabilit\u00e9 et transparence : le produit reste visible, tout en \u00e9vitant l&rsquo;utilisation de plastique. Le sachet est 100 % recyclable et prot\u00e8ge les produits de la poussi\u00e8re et de la salet\u00e9. <\/p>\n\n<p class=\"wp-block-paragraph\">\u00ab Le passage aux emballages en papier s&rsquo;inscrit pour nous dans la logique de notre \u00e9volution \u00bb, explique l&rsquo;\u00e9quipe de Dinovo. \u00ab En collaboration avec WEBER Verpackungen, nous avons pu mettre en place une solution \u00e0 la fois fonctionnelle, de grande qualit\u00e9 et plus durable. \u00bb <\/p>\n\n<p class=\"wp-block-paragraph\">Un grand merci \u00e0 l&rsquo;\u00e9quipe de DiNOVO pour sa confiance et sa collaboration !<\/p>\n\n<p class=\"wp-block-paragraph\">Nous nous r\u00e9jouissons d&rsquo;accompagner d&rsquo;autres entreprises dans leur transition des emballages en plastique vers les emballages en papier.<\/p>\n\n<p class=\"wp-block-paragraph\"><\/p>\n","protected":false},"excerpt":{"rendered":"<p>Le d\u00e9veloppement durable ne se construit pas du jour au lendemain, mais gr\u00e2ce \u00e0 des choix r\u00e9fl\u00e9chis et \u00e0 des partenariats solides. Nous sommes ravis de vous donner aujourd&rsquo;hui un petit aper\u00e7u de notre collaboration avec DiNOVO, une entreprise moderne sp\u00e9cialis\u00e9e dans les v\u00eatements de travail, situ\u00e9e \u00e0 Hagen. Depuis peu, DiNOVO emballe ses chemises, [&hellip;]<\/p>\n","protected":false},"author":7,"featured_media":6830,"comment_status":"open","ping_status":"open","sticky":false,"template":"","format":"standard","meta":{"_acf_changed":false,"footnotes":""},"categories":[24],"tags":[],"class_list":["post-6829","post","type-post","status-publish","format-standard","has-post-thumbnail","hentry","category-non-classe"],"acf":[],"yoast_head":"<!-- This site is optimized with the Yoast SEO plugin v28.3 - https:\/\/yoast.com\/product\/yoast-seo-wordpress\/ -->\n<title>Repenser ensemble l&#039;emballage \u2013 DiNOVO passe aux emballages en papier - WEBER Verpackungen<\/title>\n<meta name=\"robots\" content=\"index, follow, max-snippet:-1, max-image-preview:large, max-video-preview:-1\" \/>\n<link rel=\"canonical\" href=\"https:\/\/www.weberverpackungen.de\/fr\/repenser-ensemble-lemballage-dinovo-passe-aux-emballages-en-papier\/\" \/>\n<meta property=\"og:locale\" content=\"fr_FR\" \/>\n<meta property=\"og:type\" content=\"article\" \/>\n<meta property=\"og:title\" content=\"Repenser ensemble l&#039;emballage \u2013 DiNOVO passe aux emballages en papier - WEBER Verpackungen\" \/>\n<meta property=\"og:description\" content=\"Le d\u00e9veloppement durable ne se construit pas du jour au lendemain, mais gr\u00e2ce \u00e0 des choix r\u00e9fl\u00e9chis et \u00e0 des partenariats solides. Nous sommes ravis de vous donner aujourd&rsquo;hui un petit aper\u00e7u de notre collaboration avec DiNOVO, une entreprise moderne sp\u00e9cialis\u00e9e dans les v\u00eatements de travail, situ\u00e9e \u00e0 Hagen. Depuis peu, DiNOVO emballe ses chemises, [&hellip;]\" \/>\n<meta property=\"og:url\" content=\"https:\/\/www.weberverpackungen.de\/fr\/repenser-ensemble-lemballage-dinovo-passe-aux-emballages-en-papier\/\" \/>\n<meta property=\"og:site_name\" content=\"WEBER Verpackungen\" \/>\n<meta property=\"article:published_time\" content=\"2026-05-06T10:56:08+00:00\" \/>\n<meta property=\"article:modified_time\" content=\"2026-07-13T13:35:09+00:00\" \/>\n<meta property=\"og:image\" content=\"https:\/\/www.weberverpackungen.de\/wp-content\/uploads\/2026\/05\/2-1.png\" \/>\n\t<meta property=\"og:image:width\" content=\"1200\" \/>\n\t<meta property=\"og:image:height\" content=\"1500\" \/>\n\t<meta property=\"og:image:type\" content=\"image\/png\" \/>\n<meta name=\"author\" content=\"Felix Pl\u00fcmper\" \/>\n<meta name=\"twitter:card\" content=\"summary_large_image\" \/>\n<meta name=\"twitter:label1\" content=\"\u00c9crit par\" \/>\n\t<meta name=\"twitter:data1\" content=\"Felix Pl\u00fcmper\" \/>\n\t<meta name=\"twitter:label2\" content=\"Dur\u00e9e de lecture estim\u00e9e\" \/>\n\t<meta name=\"twitter:data2\" content=\"2 minutes\" \/>\n<script type=\"application\/ld+json\" class=\"yoast-schema-graph\">{\"@context\":\"https:\\\/\\\/schema.org\",\"@graph\":[{\"@type\":\"Article\",\"@id\":\"https:\\\/\\\/www.weberverpackungen.de\\\/fr\\\/repenser-ensemble-lemballage-dinovo-passe-aux-emballages-en-papier\\\/#article\",\"isPartOf\":{\"@id\":\"https:\\\/\\\/www.weberverpackungen.de\\\/fr\\\/repenser-ensemble-lemballage-dinovo-passe-aux-emballages-en-papier\\\/\"},\"author\":{\"name\":\"Felix Pl\u00fcmper\",\"@id\":\"https:\\\/\\\/www.weberverpackungen.de\\\/fr\\\/#\\\/schema\\\/person\\\/58f6ef86ddffe82c7f24f28720605401\"},\"headline\":\"Repenser ensemble l&#8217;emballage \u2013 DiNOVO passe aux emballages en papier\",\"datePublished\":\"2026-05-06T10:56:08+00:00\",\"dateModified\":\"2026-07-13T13:35:09+00:00\",\"mainEntityOfPage\":{\"@id\":\"https:\\\/\\\/www.weberverpackungen.de\\\/fr\\\/repenser-ensemble-lemballage-dinovo-passe-aux-emballages-en-papier\\\/\"},\"wordCount\":321,\"commentCount\":0,\"image\":{\"@id\":\"https:\\\/\\\/www.weberverpackungen.de\\\/fr\\\/repenser-ensemble-lemballage-dinovo-passe-aux-emballages-en-papier\\\/#primaryimage\"},\"thumbnailUrl\":\"https:\\\/\\\/www.weberverpackungen.de\\\/wp-content\\\/uploads\\\/2026\\\/05\\\/2-1.png\",\"inLanguage\":\"fr-FR\",\"potentialAction\":[{\"@type\":\"CommentAction\",\"name\":\"Comment\",\"target\":[\"https:\\\/\\\/www.weberverpackungen.de\\\/fr\\\/repenser-ensemble-lemballage-dinovo-passe-aux-emballages-en-papier\\\/#respond\"]}]},{\"@type\":\"WebPage\",\"@id\":\"https:\\\/\\\/www.weberverpackungen.de\\\/fr\\\/repenser-ensemble-lemballage-dinovo-passe-aux-emballages-en-papier\\\/\",\"url\":\"https:\\\/\\\/www.weberverpackungen.de\\\/fr\\\/repenser-ensemble-lemballage-dinovo-passe-aux-emballages-en-papier\\\/\",\"name\":\"Repenser ensemble l'emballage \u2013 DiNOVO passe aux emballages en papier - WEBER Verpackungen\",\"isPartOf\":{\"@id\":\"https:\\\/\\\/www.weberverpackungen.de\\\/fr\\\/#website\"},\"primaryImageOfPage\":{\"@id\":\"https:\\\/\\\/www.weberverpackungen.de\\\/fr\\\/repenser-ensemble-lemballage-dinovo-passe-aux-emballages-en-papier\\\/#primaryimage\"},\"image\":{\"@id\":\"https:\\\/\\\/www.weberverpackungen.de\\\/fr\\\/repenser-ensemble-lemballage-dinovo-passe-aux-emballages-en-papier\\\/#primaryimage\"},\"thumbnailUrl\":\"https:\\\/\\\/www.weberverpackungen.de\\\/wp-content\\\/uploads\\\/2026\\\/05\\\/2-1.png\",\"datePublished\":\"2026-05-06T10:56:08+00:00\",\"dateModified\":\"2026-07-13T13:35:09+00:00\",\"author\":{\"@id\":\"https:\\\/\\\/www.weberverpackungen.de\\\/fr\\\/#\\\/schema\\\/person\\\/58f6ef86ddffe82c7f24f28720605401\"},\"breadcrumb\":{\"@id\":\"https:\\\/\\\/www.weberverpackungen.de\\\/fr\\\/repenser-ensemble-lemballage-dinovo-passe-aux-emballages-en-papier\\\/#breadcrumb\"},\"inLanguage\":\"fr-FR\",\"potentialAction\":[{\"@type\":\"ReadAction\",\"target\":[\"https:\\\/\\\/www.weberverpackungen.de\\\/fr\\\/repenser-ensemble-lemballage-dinovo-passe-aux-emballages-en-papier\\\/\"]}]},{\"@type\":\"ImageObject\",\"inLanguage\":\"fr-FR\",\"@id\":\"https:\\\/\\\/www.weberverpackungen.de\\\/fr\\\/repenser-ensemble-lemballage-dinovo-passe-aux-emballages-en-papier\\\/#primaryimage\",\"url\":\"https:\\\/\\\/www.weberverpackungen.de\\\/wp-content\\\/uploads\\\/2026\\\/05\\\/2-1.png\",\"contentUrl\":\"https:\\\/\\\/www.weberverpackungen.de\\\/wp-content\\\/uploads\\\/2026\\\/05\\\/2-1.png\",\"width\":1200,\"height\":1500},{\"@type\":\"BreadcrumbList\",\"@id\":\"https:\\\/\\\/www.weberverpackungen.de\\\/fr\\\/repenser-ensemble-lemballage-dinovo-passe-aux-emballages-en-papier\\\/#breadcrumb\",\"itemListElement\":[{\"@type\":\"ListItem\",\"position\":1,\"name\":\"Start\",\"item\":\"https:\\\/\\\/www.weberverpackungen.de\\\/fr\\\/\"},{\"@type\":\"ListItem\",\"position\":2,\"name\":\"Repenser ensemble l&#8217;emballage \u2013 DiNOVO passe aux emballages en papier\"}]},{\"@type\":\"WebSite\",\"@id\":\"https:\\\/\\\/www.weberverpackungen.de\\\/fr\\\/#website\",\"url\":\"https:\\\/\\\/www.weberverpackungen.de\\\/fr\\\/\",\"name\":\"WEBER Verpackungen\",\"description\":\"paper-based packaging\",\"potentialAction\":[{\"@type\":\"SearchAction\",\"target\":{\"@type\":\"EntryPoint\",\"urlTemplate\":\"https:\\\/\\\/www.weberverpackungen.de\\\/fr\\\/?s={search_term_string}\"},\"query-input\":{\"@type\":\"PropertyValueSpecification\",\"valueRequired\":true,\"valueName\":\"search_term_string\"}}],\"inLanguage\":\"fr-FR\"},{\"@type\":\"Person\",\"@id\":\"https:\\\/\\\/www.weberverpackungen.de\\\/fr\\\/#\\\/schema\\\/person\\\/58f6ef86ddffe82c7f24f28720605401\",\"name\":\"Felix Pl\u00fcmper\",\"image\":{\"@type\":\"ImageObject\",\"inLanguage\":\"fr-FR\",\"@id\":\"https:\\\/\\\/secure.gravatar.com\\\/avatar\\\/7f79dc2d7e526ba84ff1ed709aeb3dae85b7eae14bad5e0d05f5488c836a21a4?s=96&d=mm&r=g\",\"url\":\"https:\\\/\\\/secure.gravatar.com\\\/avatar\\\/7f79dc2d7e526ba84ff1ed709aeb3dae85b7eae14bad5e0d05f5488c836a21a4?s=96&d=mm&r=g\",\"contentUrl\":\"https:\\\/\\\/secure.gravatar.com\\\/avatar\\\/7f79dc2d7e526ba84ff1ed709aeb3dae85b7eae14bad5e0d05f5488c836a21a4?s=96&d=mm&r=g\",\"caption\":\"Felix Pl\u00fcmper\"},\"url\":\"https:\\\/\\\/www.weberverpackungen.de\\\/fr\\\/author\\\/felix-pluemper\\\/\"}]}<\/script>\n<!-- \/ Yoast SEO plugin. -->","yoast_head_json":{"title":"Repenser ensemble l'emballage \u2013 DiNOVO passe aux emballages en papier - WEBER Verpackungen","robots":{"index":"index","follow":"follow","max-snippet":"max-snippet:-1","max-image-preview":"max-image-preview:large","max-video-preview":"max-video-preview:-1"},"canonical":"https:\/\/www.weberverpackungen.de\/fr\/repenser-ensemble-lemballage-dinovo-passe-aux-emballages-en-papier\/","og_locale":"fr_FR","og_type":"article","og_title":"Repenser ensemble l'emballage \u2013 DiNOVO passe aux emballages en papier - WEBER Verpackungen","og_description":"Le d\u00e9veloppement durable ne se construit pas du jour au lendemain, mais gr\u00e2ce \u00e0 des choix r\u00e9fl\u00e9chis et \u00e0 des partenariats solides. Nous sommes ravis de vous donner aujourd&rsquo;hui un petit aper\u00e7u de notre collaboration avec DiNOVO, une entreprise moderne sp\u00e9cialis\u00e9e dans les v\u00eatements de travail, situ\u00e9e \u00e0 Hagen. Depuis peu, DiNOVO emballe ses chemises, [&hellip;]","og_url":"https:\/\/www.weberverpackungen.de\/fr\/repenser-ensemble-lemballage-dinovo-passe-aux-emballages-en-papier\/","og_site_name":"WEBER Verpackungen","article_published_time":"2026-05-06T10:56:08+00:00","article_modified_time":"2026-07-13T13:35:09+00:00","og_image":[{"width":1200,"height":1500,"url":"https:\/\/www.weberverpackungen.de\/wp-content\/uploads\/2026\/05\/2-1.png","type":"image\/png"}],"author":"Felix Pl\u00fcmper","twitter_card":"summary_large_image","twitter_misc":{"\u00c9crit par":"Felix Pl\u00fcmper","Dur\u00e9e de lecture estim\u00e9e":"2 minutes"},"schema":{"@context":"https:\/\/schema.org","@graph":[{"@type":"Article","@id":"https:\/\/www.weberverpackungen.de\/fr\/repenser-ensemble-lemballage-dinovo-passe-aux-emballages-en-papier\/#article","isPartOf":{"@id":"https:\/\/www.weberverpackungen.de\/fr\/repenser-ensemble-lemballage-dinovo-passe-aux-emballages-en-papier\/"},"author":{"name":"Felix Pl\u00fcmper","@id":"https:\/\/www.weberverpackungen.de\/fr\/#\/schema\/person\/58f6ef86ddffe82c7f24f28720605401"},"headline":"Repenser ensemble l&#8217;emballage \u2013 DiNOVO passe aux emballages en papier","datePublished":"2026-05-06T10:56:08+00:00","dateModified":"2026-07-13T13:35:09+00:00","mainEntityOfPage":{"@id":"https:\/\/www.weberverpackungen.de\/fr\/repenser-ensemble-lemballage-dinovo-passe-aux-emballages-en-papier\/"},"wordCount":321,"commentCount":0,"image":{"@id":"https:\/\/www.weberverpackungen.de\/fr\/repenser-ensemble-lemballage-dinovo-passe-aux-emballages-en-papier\/#primaryimage"},"thumbnailUrl":"https:\/\/www.weberverpackungen.de\/wp-content\/uploads\/2026\/05\/2-1.png","inLanguage":"fr-FR","potentialAction":[{"@type":"CommentAction","name":"Comment","target":["https:\/\/www.weberverpackungen.de\/fr\/repenser-ensemble-lemballage-dinovo-passe-aux-emballages-en-papier\/#respond"]}]},{"@type":"WebPage","@id":"https:\/\/www.weberverpackungen.de\/fr\/repenser-ensemble-lemballage-dinovo-passe-aux-emballages-en-papier\/","url":"https:\/\/www.weberverpackungen.de\/fr\/repenser-ensemble-lemballage-dinovo-passe-aux-emballages-en-papier\/","name":"Repenser ensemble l'emballage \u2013 DiNOVO passe aux emballages en papier - WEBER Verpackungen","isPartOf":{"@id":"https:\/\/www.weberverpackungen.de\/fr\/#website"},"primaryImageOfPage":{"@id":"https:\/\/www.weberverpackungen.de\/fr\/repenser-ensemble-lemballage-dinovo-passe-aux-emballages-en-papier\/#primaryimage"},"image":{"@id":"https:\/\/www.weberverpackungen.de\/fr\/repenser-ensemble-lemballage-dinovo-passe-aux-emballages-en-papier\/#primaryimage"},"thumbnailUrl":"https:\/\/www.weberverpackungen.de\/wp-content\/uploads\/2026\/05\/2-1.png","datePublished":"2026-05-06T10:56:08+00:00","dateModified":"2026-07-13T13:35:09+00:00","author":{"@id":"https:\/\/www.weberverpackungen.de\/fr\/#\/schema\/person\/58f6ef86ddffe82c7f24f28720605401"},"breadcrumb":{"@id":"https:\/\/www.weberverpackungen.de\/fr\/repenser-ensemble-lemballage-dinovo-passe-aux-emballages-en-papier\/#breadcrumb"},"inLanguage":"fr-FR","potentialAction":[{"@type":"ReadAction","target":["https:\/\/www.weberverpackungen.de\/fr\/repenser-ensemble-lemballage-dinovo-passe-aux-emballages-en-papier\/"]}]},{"@type":"ImageObject","inLanguage":"fr-FR","@id":"https:\/\/www.weberverpackungen.de\/fr\/repenser-ensemble-lemballage-dinovo-passe-aux-emballages-en-papier\/#primaryimage","url":"https:\/\/www.weberverpackungen.de\/wp-content\/uploads\/2026\/05\/2-1.png","contentUrl":"https:\/\/www.weberverpackungen.de\/wp-content\/uploads\/2026\/05\/2-1.png","width":1200,"height":1500},{"@type":"BreadcrumbList","@id":"https:\/\/www.weberverpackungen.de\/fr\/repenser-ensemble-lemballage-dinovo-passe-aux-emballages-en-papier\/#breadcrumb","itemListElement":[{"@type":"ListItem","position":1,"name":"Start","item":"https:\/\/www.weberverpackungen.de\/fr\/"},{"@type":"ListItem","position":2,"name":"Repenser ensemble l&#8217;emballage \u2013 DiNOVO passe aux emballages en papier"}]},{"@type":"WebSite","@id":"https:\/\/www.weberverpackungen.de\/fr\/#website","url":"https:\/\/www.weberverpackungen.de\/fr\/","name":"WEBER Verpackungen","description":"paper-based packaging","potentialAction":[{"@type":"SearchAction","target":{"@type":"EntryPoint","urlTemplate":"https:\/\/www.weberverpackungen.de\/fr\/?s={search_term_string}"},"query-input":{"@type":"PropertyValueSpecification","valueRequired":true,"valueName":"search_term_string"}}],"inLanguage":"fr-FR"},{"@type":"Person","@id":"https:\/\/www.weberverpackungen.de\/fr\/#\/schema\/person\/58f6ef86ddffe82c7f24f28720605401","name":"Felix Pl\u00fcmper","image":{"@type":"ImageObject","inLanguage":"fr-FR","@id":"https:\/\/secure.gravatar.com\/avatar\/7f79dc2d7e526ba84ff1ed709aeb3dae85b7eae14bad5e0d05f5488c836a21a4?s=96&d=mm&r=g","url":"https:\/\/secure.gravatar.com\/avatar\/7f79dc2d7e526ba84ff1ed709aeb3dae85b7eae14bad5e0d05f5488c836a21a4?s=96&d=mm&r=g","contentUrl":"https:\/\/secure.gravatar.com\/avatar\/7f79dc2d7e526ba84ff1ed709aeb3dae85b7eae14bad5e0d05f5488c836a21a4?s=96&d=mm&r=g","caption":"Felix Pl\u00fcmper"},"url":"https:\/\/www.weberverpackungen.de\/fr\/author\/felix-pluemper\/"}]}},"_links":{"self":[{"href":"https:\/\/www.weberverpackungen.de\/fr\/wp-json\/wp\/v2\/posts\/6829","targetHints":{"allow":["GET"]}}],"collection":[{"href":"https:\/\/www.weberverpackungen.de\/fr\/wp-json\/wp\/v2\/posts"}],"about":[{"href":"https:\/\/www.weberverpackungen.de\/fr\/wp-json\/wp\/v2\/types\/post"}],"author":[{"embeddable":true,"href":"https:\/\/www.weberverpackungen.de\/fr\/wp-json\/wp\/v2\/users\/7"}],"replies":[{"embeddable":true,"href":"https:\/\/www.weberverpackungen.de\/fr\/wp-json\/wp\/v2\/comments?post=6829"}],"version-history":[{"count":1,"href":"https:\/\/www.weberverpackungen.de\/fr\/wp-json\/wp\/v2\/posts\/6829\/revisions"}],"predecessor-version":[{"id":6831,"href":"https:\/\/www.weberverpackungen.de\/fr\/wp-json\/wp\/v2\/posts\/6829\/revisions\/6831"}],"wp:featuredmedia":[{"embeddable":true,"href":"https:\/\/www.weberverpackungen.de\/fr\/wp-json\/wp\/v2\/media\/6830"}],"wp:attachment":[{"href":"https:\/\/www.weberverpackungen.de\/fr\/wp-json\/wp\/v2\/media?parent=6829"}],"wp:term":[{"taxonomy":"category","embeddable":true,"href":"https:\/\/www.weberverpackungen.de\/fr\/wp-json\/wp\/v2\/categories?post=6829"},{"taxonomy":"post_tag","embeddable":true,"href":"https:\/\/www.weberverpackungen.de\/fr\/wp-json\/wp\/v2\/tags?post=6829"}],"curies":[{"name":"wp","href":"https:\/\/api.w.org\/{rel}","templated":true}]}}