{"id":6849,"date":"2026-02-12T12:14:23","date_gmt":"2026-02-12T11:14:23","guid":{"rendered":"https:\/\/weberverpackungen.de\/le-jeudi-des-femmes\/"},"modified":"2026-07-13T15:35:13","modified_gmt":"2026-07-13T13:35:13","slug":"le-jeudi-des-femmes","status":"publish","type":"post","link":"https:\/\/www.weberverpackungen.de\/fr\/le-jeudi-des-femmes\/","title":{"rendered":"Le jeudi des femmes"},"content":{"rendered":"\n<figure class=\"wp-block-image size-large is-resized\"><img loading=\"lazy\" decoding=\"async\" width=\"819\" height=\"1024\" src=\"https:\/\/www.weberverpackungen.de\/wp-content\/uploads\/2026\/05\/NEW-DESIGNS-1-819x1024.png\" alt=\"\" class=\"wp-image-5341\" style=\"aspect-ratio:0.7998103897782853;width:496px;height:auto\" srcset=\"https:\/\/www.weberverpackungen.de\/wp-content\/uploads\/2026\/05\/NEW-DESIGNS-1-819x1024.png 819w, https:\/\/www.weberverpackungen.de\/wp-content\/uploads\/2026\/05\/NEW-DESIGNS-1-240x300.png 240w, https:\/\/www.weberverpackungen.de\/wp-content\/uploads\/2026\/05\/NEW-DESIGNS-1-768x960.png 768w, https:\/\/www.weberverpackungen.de\/wp-content\/uploads\/2026\/05\/NEW-DESIGNS-1.png 1080w\" sizes=\"auto, (max-width: 819px) 100vw, 819px\" \/><\/figure>\n\n<p class=\"wp-block-paragraph\">Aujourd&rsquo;hui, c&rsquo;est notre patron qui a \u00e9t\u00e9 pris au d\u00e9pourvu : cravate retir\u00e9e, bonne ambiance ! \ud83d\ude04\u2702\ufe0f<\/p>\n\n<p class=\"wp-block-paragraph\">Heureusement, il l&rsquo;a pris avec humour (comme on peut facilement le constater \u00e0 son large sourire).<\/p>\n\n<p class=\"wp-block-paragraph\">Sur ce, je vous souhaite \u00e0 tous un joyeux carnaval ! \ud83c\udf89<\/p>\n\n<p class=\"wp-block-paragraph\"><\/p>\n","protected":false},"excerpt":{"rendered":"<p>Aujourd&rsquo;hui, c&rsquo;est notre patron qui a \u00e9t\u00e9 pris au d\u00e9pourvu : cravate retir\u00e9e, bonne ambiance ! \ud83d\ude04\u2702\ufe0f Heureusement, il l&rsquo;a pris avec humour (comme on peut facilement le constater \u00e0 son large sourire). Sur ce, je vous souhaite \u00e0 tous un joyeux carnaval ! \ud83c\udf89<\/p>\n","protected":false},"author":7,"featured_media":6850,"comment_status":"open","ping_status":"open","sticky":false,"template":"","format":"standard","meta":{"_acf_changed":false,"footnotes":""},"categories":[24],"tags":[],"class_list":["post-6849","post","type-post","status-publish","format-standard","has-post-thumbnail","hentry","category-non-classe"],"acf":[],"yoast_head":"<!-- This site is optimized with the Yoast SEO plugin v28.3 - https:\/\/yoast.com\/product\/yoast-seo-wordpress\/ -->\n<title>Le jeudi des femmes - WEBER Verpackungen<\/title>\n<meta name=\"robots\" content=\"index, follow, max-snippet:-1, max-image-preview:large, max-video-preview:-1\" \/>\n<link rel=\"canonical\" href=\"https:\/\/www.weberverpackungen.de\/fr\/le-jeudi-des-femmes\/\" \/>\n<meta property=\"og:locale\" content=\"fr_FR\" \/>\n<meta property=\"og:type\" content=\"article\" \/>\n<meta property=\"og:title\" content=\"Le jeudi des femmes - WEBER Verpackungen\" \/>\n<meta property=\"og:description\" content=\"Aujourd&rsquo;hui, c&rsquo;est notre patron qui a \u00e9t\u00e9 pris au d\u00e9pourvu : cravate retir\u00e9e, bonne ambiance ! \ud83d\ude04\u2702\ufe0f Heureusement, il l&rsquo;a pris avec humour (comme on peut facilement le constater \u00e0 son large sourire). Sur ce, je vous souhaite \u00e0 tous un joyeux carnaval ! \ud83c\udf89\" \/>\n<meta property=\"og:url\" content=\"https:\/\/www.weberverpackungen.de\/fr\/le-jeudi-des-femmes\/\" \/>\n<meta property=\"og:site_name\" content=\"WEBER Verpackungen\" \/>\n<meta property=\"article:published_time\" content=\"2026-02-12T11:14:23+00:00\" \/>\n<meta property=\"article:modified_time\" content=\"2026-07-13T13:35:13+00:00\" \/>\n<meta property=\"og:image\" content=\"https:\/\/www.weberverpackungen.de\/wp-content\/uploads\/2026\/05\/NEW-DESIGNS-1.png\" \/>\n\t<meta property=\"og:image:width\" content=\"1080\" \/>\n\t<meta property=\"og:image:height\" content=\"1350\" \/>\n\t<meta property=\"og:image:type\" content=\"image\/png\" \/>\n<meta name=\"author\" content=\"Felix Pl\u00fcmper\" \/>\n<meta name=\"twitter:card\" content=\"summary_large_image\" \/>\n<meta name=\"twitter:label1\" content=\"\u00c9crit par\" \/>\n\t<meta name=\"twitter:data1\" content=\"Felix Pl\u00fcmper\" \/>\n<script type=\"application\/ld+json\" class=\"yoast-schema-graph\">{\"@context\":\"https:\\\/\\\/schema.org\",\"@graph\":[{\"@type\":\"Article\",\"@id\":\"https:\\\/\\\/www.weberverpackungen.de\\\/fr\\\/le-jeudi-des-femmes\\\/#article\",\"isPartOf\":{\"@id\":\"https:\\\/\\\/www.weberverpackungen.de\\\/fr\\\/le-jeudi-des-femmes\\\/\"},\"author\":{\"name\":\"Felix Pl\u00fcmper\",\"@id\":\"https:\\\/\\\/www.weberverpackungen.de\\\/fr\\\/#\\\/schema\\\/person\\\/58f6ef86ddffe82c7f24f28720605401\"},\"headline\":\"Le jeudi des femmes\",\"datePublished\":\"2026-02-12T11:14:23+00:00\",\"dateModified\":\"2026-07-13T13:35:13+00:00\",\"mainEntityOfPage\":{\"@id\":\"https:\\\/\\\/www.weberverpackungen.de\\\/fr\\\/le-jeudi-des-femmes\\\/\"},\"wordCount\":47,\"commentCount\":0,\"image\":{\"@id\":\"https:\\\/\\\/www.weberverpackungen.de\\\/fr\\\/le-jeudi-des-femmes\\\/#primaryimage\"},\"thumbnailUrl\":\"https:\\\/\\\/www.weberverpackungen.de\\\/wp-content\\\/uploads\\\/2026\\\/05\\\/NEW-DESIGNS-1.png\",\"inLanguage\":\"fr-FR\",\"potentialAction\":[{\"@type\":\"CommentAction\",\"name\":\"Comment\",\"target\":[\"https:\\\/\\\/www.weberverpackungen.de\\\/fr\\\/le-jeudi-des-femmes\\\/#respond\"]}]},{\"@type\":\"WebPage\",\"@id\":\"https:\\\/\\\/www.weberverpackungen.de\\\/fr\\\/le-jeudi-des-femmes\\\/\",\"url\":\"https:\\\/\\\/www.weberverpackungen.de\\\/fr\\\/le-jeudi-des-femmes\\\/\",\"name\":\"Le jeudi des femmes - WEBER Verpackungen\",\"isPartOf\":{\"@id\":\"https:\\\/\\\/www.weberverpackungen.de\\\/fr\\\/#website\"},\"primaryImageOfPage\":{\"@id\":\"https:\\\/\\\/www.weberverpackungen.de\\\/fr\\\/le-jeudi-des-femmes\\\/#primaryimage\"},\"image\":{\"@id\":\"https:\\\/\\\/www.weberverpackungen.de\\\/fr\\\/le-jeudi-des-femmes\\\/#primaryimage\"},\"thumbnailUrl\":\"https:\\\/\\\/www.weberverpackungen.de\\\/wp-content\\\/uploads\\\/2026\\\/05\\\/NEW-DESIGNS-1.png\",\"datePublished\":\"2026-02-12T11:14:23+00:00\",\"dateModified\":\"2026-07-13T13:35:13+00:00\",\"author\":{\"@id\":\"https:\\\/\\\/www.weberverpackungen.de\\\/fr\\\/#\\\/schema\\\/person\\\/58f6ef86ddffe82c7f24f28720605401\"},\"breadcrumb\":{\"@id\":\"https:\\\/\\\/www.weberverpackungen.de\\\/fr\\\/le-jeudi-des-femmes\\\/#breadcrumb\"},\"inLanguage\":\"fr-FR\",\"potentialAction\":[{\"@type\":\"ReadAction\",\"target\":[\"https:\\\/\\\/www.weberverpackungen.de\\\/fr\\\/le-jeudi-des-femmes\\\/\"]}]},{\"@type\":\"ImageObject\",\"inLanguage\":\"fr-FR\",\"@id\":\"https:\\\/\\\/www.weberverpackungen.de\\\/fr\\\/le-jeudi-des-femmes\\\/#primaryimage\",\"url\":\"https:\\\/\\\/www.weberverpackungen.de\\\/wp-content\\\/uploads\\\/2026\\\/05\\\/NEW-DESIGNS-1.png\",\"contentUrl\":\"https:\\\/\\\/www.weberverpackungen.de\\\/wp-content\\\/uploads\\\/2026\\\/05\\\/NEW-DESIGNS-1.png\",\"width\":1080,\"height\":1350},{\"@type\":\"BreadcrumbList\",\"@id\":\"https:\\\/\\\/www.weberverpackungen.de\\\/fr\\\/le-jeudi-des-femmes\\\/#breadcrumb\",\"itemListElement\":[{\"@type\":\"ListItem\",\"position\":1,\"name\":\"Start\",\"item\":\"https:\\\/\\\/www.weberverpackungen.de\\\/fr\\\/\"},{\"@type\":\"ListItem\",\"position\":2,\"name\":\"Le jeudi des femmes\"}]},{\"@type\":\"WebSite\",\"@id\":\"https:\\\/\\\/www.weberverpackungen.de\\\/fr\\\/#website\",\"url\":\"https:\\\/\\\/www.weberverpackungen.de\\\/fr\\\/\",\"name\":\"WEBER Verpackungen\",\"description\":\"paper-based packaging\",\"potentialAction\":[{\"@type\":\"SearchAction\",\"target\":{\"@type\":\"EntryPoint\",\"urlTemplate\":\"https:\\\/\\\/www.weberverpackungen.de\\\/fr\\\/?s={search_term_string}\"},\"query-input\":{\"@type\":\"PropertyValueSpecification\",\"valueRequired\":true,\"valueName\":\"search_term_string\"}}],\"inLanguage\":\"fr-FR\"},{\"@type\":\"Person\",\"@id\":\"https:\\\/\\\/www.weberverpackungen.de\\\/fr\\\/#\\\/schema\\\/person\\\/58f6ef86ddffe82c7f24f28720605401\",\"name\":\"Felix Pl\u00fcmper\",\"image\":{\"@type\":\"ImageObject\",\"inLanguage\":\"fr-FR\",\"@id\":\"https:\\\/\\\/secure.gravatar.com\\\/avatar\\\/7f79dc2d7e526ba84ff1ed709aeb3dae85b7eae14bad5e0d05f5488c836a21a4?s=96&d=mm&r=g\",\"url\":\"https:\\\/\\\/secure.gravatar.com\\\/avatar\\\/7f79dc2d7e526ba84ff1ed709aeb3dae85b7eae14bad5e0d05f5488c836a21a4?s=96&d=mm&r=g\",\"contentUrl\":\"https:\\\/\\\/secure.gravatar.com\\\/avatar\\\/7f79dc2d7e526ba84ff1ed709aeb3dae85b7eae14bad5e0d05f5488c836a21a4?s=96&d=mm&r=g\",\"caption\":\"Felix Pl\u00fcmper\"},\"url\":\"https:\\\/\\\/www.weberverpackungen.de\\\/fr\\\/author\\\/felix-pluemper\\\/\"}]}<\/script>\n<!-- \/ Yoast SEO plugin. -->","yoast_head_json":{"title":"Le jeudi des femmes - WEBER Verpackungen","robots":{"index":"index","follow":"follow","max-snippet":"max-snippet:-1","max-image-preview":"max-image-preview:large","max-video-preview":"max-video-preview:-1"},"canonical":"https:\/\/www.weberverpackungen.de\/fr\/le-jeudi-des-femmes\/","og_locale":"fr_FR","og_type":"article","og_title":"Le jeudi des femmes - WEBER Verpackungen","og_description":"Aujourd&rsquo;hui, c&rsquo;est notre patron qui a \u00e9t\u00e9 pris au d\u00e9pourvu : cravate retir\u00e9e, bonne ambiance ! \ud83d\ude04\u2702\ufe0f Heureusement, il l&rsquo;a pris avec humour (comme on peut facilement le constater \u00e0 son large sourire). Sur ce, je vous souhaite \u00e0 tous un joyeux carnaval ! \ud83c\udf89","og_url":"https:\/\/www.weberverpackungen.de\/fr\/le-jeudi-des-femmes\/","og_site_name":"WEBER Verpackungen","article_published_time":"2026-02-12T11:14:23+00:00","article_modified_time":"2026-07-13T13:35:13+00:00","og_image":[{"width":1080,"height":1350,"url":"https:\/\/www.weberverpackungen.de\/wp-content\/uploads\/2026\/05\/NEW-DESIGNS-1.png","type":"image\/png"}],"author":"Felix Pl\u00fcmper","twitter_card":"summary_large_image","twitter_misc":{"\u00c9crit par":"Felix Pl\u00fcmper"},"schema":{"@context":"https:\/\/schema.org","@graph":[{"@type":"Article","@id":"https:\/\/www.weberverpackungen.de\/fr\/le-jeudi-des-femmes\/#article","isPartOf":{"@id":"https:\/\/www.weberverpackungen.de\/fr\/le-jeudi-des-femmes\/"},"author":{"name":"Felix Pl\u00fcmper","@id":"https:\/\/www.weberverpackungen.de\/fr\/#\/schema\/person\/58f6ef86ddffe82c7f24f28720605401"},"headline":"Le jeudi des femmes","datePublished":"2026-02-12T11:14:23+00:00","dateModified":"2026-07-13T13:35:13+00:00","mainEntityOfPage":{"@id":"https:\/\/www.weberverpackungen.de\/fr\/le-jeudi-des-femmes\/"},"wordCount":47,"commentCount":0,"image":{"@id":"https:\/\/www.weberverpackungen.de\/fr\/le-jeudi-des-femmes\/#primaryimage"},"thumbnailUrl":"https:\/\/www.weberverpackungen.de\/wp-content\/uploads\/2026\/05\/NEW-DESIGNS-1.png","inLanguage":"fr-FR","potentialAction":[{"@type":"CommentAction","name":"Comment","target":["https:\/\/www.weberverpackungen.de\/fr\/le-jeudi-des-femmes\/#respond"]}]},{"@type":"WebPage","@id":"https:\/\/www.weberverpackungen.de\/fr\/le-jeudi-des-femmes\/","url":"https:\/\/www.weberverpackungen.de\/fr\/le-jeudi-des-femmes\/","name":"Le jeudi des femmes - WEBER Verpackungen","isPartOf":{"@id":"https:\/\/www.weberverpackungen.de\/fr\/#website"},"primaryImageOfPage":{"@id":"https:\/\/www.weberverpackungen.de\/fr\/le-jeudi-des-femmes\/#primaryimage"},"image":{"@id":"https:\/\/www.weberverpackungen.de\/fr\/le-jeudi-des-femmes\/#primaryimage"},"thumbnailUrl":"https:\/\/www.weberverpackungen.de\/wp-content\/uploads\/2026\/05\/NEW-DESIGNS-1.png","datePublished":"2026-02-12T11:14:23+00:00","dateModified":"2026-07-13T13:35:13+00:00","author":{"@id":"https:\/\/www.weberverpackungen.de\/fr\/#\/schema\/person\/58f6ef86ddffe82c7f24f28720605401"},"breadcrumb":{"@id":"https:\/\/www.weberverpackungen.de\/fr\/le-jeudi-des-femmes\/#breadcrumb"},"inLanguage":"fr-FR","potentialAction":[{"@type":"ReadAction","target":["https:\/\/www.weberverpackungen.de\/fr\/le-jeudi-des-femmes\/"]}]},{"@type":"ImageObject","inLanguage":"fr-FR","@id":"https:\/\/www.weberverpackungen.de\/fr\/le-jeudi-des-femmes\/#primaryimage","url":"https:\/\/www.weberverpackungen.de\/wp-content\/uploads\/2026\/05\/NEW-DESIGNS-1.png","contentUrl":"https:\/\/www.weberverpackungen.de\/wp-content\/uploads\/2026\/05\/NEW-DESIGNS-1.png","width":1080,"height":1350},{"@type":"BreadcrumbList","@id":"https:\/\/www.weberverpackungen.de\/fr\/le-jeudi-des-femmes\/#breadcrumb","itemListElement":[{"@type":"ListItem","position":1,"name":"Start","item":"https:\/\/www.weberverpackungen.de\/fr\/"},{"@type":"ListItem","position":2,"name":"Le jeudi des femmes"}]},{"@type":"WebSite","@id":"https:\/\/www.weberverpackungen.de\/fr\/#website","url":"https:\/\/www.weberverpackungen.de\/fr\/","name":"WEBER Verpackungen","description":"paper-based packaging","potentialAction":[{"@type":"SearchAction","target":{"@type":"EntryPoint","urlTemplate":"https:\/\/www.weberverpackungen.de\/fr\/?s={search_term_string}"},"query-input":{"@type":"PropertyValueSpecification","valueRequired":true,"valueName":"search_term_string"}}],"inLanguage":"fr-FR"},{"@type":"Person","@id":"https:\/\/www.weberverpackungen.de\/fr\/#\/schema\/person\/58f6ef86ddffe82c7f24f28720605401","name":"Felix Pl\u00fcmper","image":{"@type":"ImageObject","inLanguage":"fr-FR","@id":"https:\/\/secure.gravatar.com\/avatar\/7f79dc2d7e526ba84ff1ed709aeb3dae85b7eae14bad5e0d05f5488c836a21a4?s=96&d=mm&r=g","url":"https:\/\/secure.gravatar.com\/avatar\/7f79dc2d7e526ba84ff1ed709aeb3dae85b7eae14bad5e0d05f5488c836a21a4?s=96&d=mm&r=g","contentUrl":"https:\/\/secure.gravatar.com\/avatar\/7f79dc2d7e526ba84ff1ed709aeb3dae85b7eae14bad5e0d05f5488c836a21a4?s=96&d=mm&r=g","caption":"Felix Pl\u00fcmper"},"url":"https:\/\/www.weberverpackungen.de\/fr\/author\/felix-pluemper\/"}]}},"_links":{"self":[{"href":"https:\/\/www.weberverpackungen.de\/fr\/wp-json\/wp\/v2\/posts\/6849","targetHints":{"allow":["GET"]}}],"collection":[{"href":"https:\/\/www.weberverpackungen.de\/fr\/wp-json\/wp\/v2\/posts"}],"about":[{"href":"https:\/\/www.weberverpackungen.de\/fr\/wp-json\/wp\/v2\/types\/post"}],"author":[{"embeddable":true,"href":"https:\/\/www.weberverpackungen.de\/fr\/wp-json\/wp\/v2\/users\/7"}],"replies":[{"embeddable":true,"href":"https:\/\/www.weberverpackungen.de\/fr\/wp-json\/wp\/v2\/comments?post=6849"}],"version-history":[{"count":1,"href":"https:\/\/www.weberverpackungen.de\/fr\/wp-json\/wp\/v2\/posts\/6849\/revisions"}],"predecessor-version":[{"id":6851,"href":"https:\/\/www.weberverpackungen.de\/fr\/wp-json\/wp\/v2\/posts\/6849\/revisions\/6851"}],"wp:featuredmedia":[{"embeddable":true,"href":"https:\/\/www.weberverpackungen.de\/fr\/wp-json\/wp\/v2\/media\/6850"}],"wp:attachment":[{"href":"https:\/\/www.weberverpackungen.de\/fr\/wp-json\/wp\/v2\/media?parent=6849"}],"wp:term":[{"taxonomy":"category","embeddable":true,"href":"https:\/\/www.weberverpackungen.de\/fr\/wp-json\/wp\/v2\/categories?post=6849"},{"taxonomy":"post_tag","embeddable":true,"href":"https:\/\/www.weberverpackungen.de\/fr\/wp-json\/wp\/v2\/tags?post=6849"}],"curies":[{"name":"wp","href":"https:\/\/api.w.org\/{rel}","templated":true}]}}