{"id":6858,"date":"2025-12-23T10:00:00","date_gmt":"2025-12-23T09:00:00","guid":{"rendered":"https:\/\/weberverpackungen.de\/joyeuses-fetes\/"},"modified":"2026-07-13T15:35:12","modified_gmt":"2026-07-13T13:35:12","slug":"joyeuses-fetes","status":"publish","type":"post","link":"https:\/\/www.weberverpackungen.de\/fr\/joyeuses-fetes\/","title":{"rendered":"Joyeuses f\u00eates"},"content":{"rendered":"\n<figure class=\"wp-block-image size-large\"><img loading=\"lazy\" decoding=\"async\" width=\"1024\" height=\"657\" src=\"https:\/\/www.weberverpackungen.de\/wp-content\/uploads\/2026\/03\/Weihnachten-2025-Blog-1024x657.png\" alt=\"\" class=\"wp-image-2038\" style=\"aspect-ratio:1.5586222892264874\" srcset=\"https:\/\/www.weberverpackungen.de\/wp-content\/uploads\/2026\/03\/Weihnachten-2025-Blog-1024x657.png 1024w, https:\/\/www.weberverpackungen.de\/wp-content\/uploads\/2026\/03\/Weihnachten-2025-Blog-300x192.png 300w, https:\/\/www.weberverpackungen.de\/wp-content\/uploads\/2026\/03\/Weihnachten-2025-Blog-768x493.png 768w, https:\/\/www.weberverpackungen.de\/wp-content\/uploads\/2026\/03\/Weihnachten-2025-Blog.png 1060w\" sizes=\"auto, (max-width: 1024px) 100vw, 1024px\" \/><\/figure>\n\n<p class=\"wp-block-paragraph\" style=\"padding-top:2.8rem;padding-bottom:1.6rem\">Nous vous souhaitons \u00e0 tous beaucoup de bonheur, de s\u00e9r\u00e9nit\u00e9 et de moments de joie aupr\u00e8s de vos proches, ainsi qu&rsquo;un bon d\u00e9but d&rsquo;ann\u00e9e, sous le signe de la sant\u00e9 et de la paix !<\/p>\n\n<p class=\"wp-block-paragraph\">Merci beaucoup pour votre confiance et votre soutien.<\/p>\n\n<p class=\"wp-block-paragraph\"><\/p>\n","protected":false},"excerpt":{"rendered":"<p>Nous vous souhaitons \u00e0 tous beaucoup de bonheur, de s\u00e9r\u00e9nit\u00e9 et de moments de joie aupr\u00e8s de vos proches, ainsi qu&rsquo;un bon d\u00e9but d&rsquo;ann\u00e9e, sous le signe de la sant\u00e9 et de la paix ! Merci beaucoup pour votre confiance et votre soutien.<\/p>\n","protected":false},"author":7,"featured_media":0,"comment_status":"open","ping_status":"open","sticky":false,"template":"","format":"standard","meta":{"_acf_changed":false,"footnotes":""},"categories":[24],"tags":[],"class_list":["post-6858","post","type-post","status-publish","format-standard","hentry","category-non-classe"],"acf":[],"yoast_head":"<!-- This site is optimized with the Yoast SEO plugin v28.3 - https:\/\/yoast.com\/product\/yoast-seo-wordpress\/ -->\n<title>Joyeuses f\u00eates - WEBER Verpackungen<\/title>\n<meta name=\"robots\" content=\"index, follow, max-snippet:-1, max-image-preview:large, max-video-preview:-1\" \/>\n<link rel=\"canonical\" href=\"https:\/\/www.weberverpackungen.de\/fr\/joyeuses-fetes\/\" \/>\n<meta property=\"og:locale\" content=\"fr_FR\" \/>\n<meta property=\"og:type\" content=\"article\" \/>\n<meta property=\"og:title\" content=\"Joyeuses f\u00eates - WEBER Verpackungen\" \/>\n<meta property=\"og:description\" content=\"Nous vous souhaitons \u00e0 tous beaucoup de bonheur, de s\u00e9r\u00e9nit\u00e9 et de moments de joie aupr\u00e8s de vos proches, ainsi qu&rsquo;un bon d\u00e9but d&rsquo;ann\u00e9e, sous le signe de la sant\u00e9 et de la paix ! Merci beaucoup pour votre confiance et votre soutien.\" \/>\n<meta property=\"og:url\" content=\"https:\/\/www.weberverpackungen.de\/fr\/joyeuses-fetes\/\" \/>\n<meta property=\"og:site_name\" content=\"WEBER Verpackungen\" \/>\n<meta property=\"article:published_time\" content=\"2025-12-23T09:00:00+00:00\" \/>\n<meta property=\"article:modified_time\" content=\"2026-07-13T13:35:12+00:00\" \/>\n<meta property=\"og:image\" content=\"https:\/\/www.weberverpackungen.de\/wp-content\/uploads\/2026\/03\/Weihnachten-2025-Blog-1024x657.png\" \/>\n<meta name=\"author\" content=\"Felix Pl\u00fcmper\" \/>\n<meta name=\"twitter:card\" content=\"summary_large_image\" \/>\n<meta name=\"twitter:label1\" content=\"\u00c9crit par\" \/>\n\t<meta name=\"twitter:data1\" content=\"Felix Pl\u00fcmper\" \/>\n<script type=\"application\/ld+json\" class=\"yoast-schema-graph\">{\"@context\":\"https:\\\/\\\/schema.org\",\"@graph\":[{\"@type\":\"Article\",\"@id\":\"https:\\\/\\\/www.weberverpackungen.de\\\/fr\\\/joyeuses-fetes\\\/#article\",\"isPartOf\":{\"@id\":\"https:\\\/\\\/www.weberverpackungen.de\\\/fr\\\/joyeuses-fetes\\\/\"},\"author\":{\"name\":\"Felix Pl\u00fcmper\",\"@id\":\"https:\\\/\\\/www.weberverpackungen.de\\\/fr\\\/#\\\/schema\\\/person\\\/58f6ef86ddffe82c7f24f28720605401\"},\"headline\":\"Joyeuses f\u00eates\",\"datePublished\":\"2025-12-23T09:00:00+00:00\",\"dateModified\":\"2026-07-13T13:35:12+00:00\",\"mainEntityOfPage\":{\"@id\":\"https:\\\/\\\/www.weberverpackungen.de\\\/fr\\\/joyeuses-fetes\\\/\"},\"wordCount\":51,\"commentCount\":0,\"image\":{\"@id\":\"https:\\\/\\\/www.weberverpackungen.de\\\/fr\\\/joyeuses-fetes\\\/#primaryimage\"},\"thumbnailUrl\":\"https:\\\/\\\/www.weberverpackungen.de\\\/wp-content\\\/uploads\\\/2026\\\/03\\\/Weihnachten-2025-Blog-1024x657.png\",\"inLanguage\":\"fr-FR\",\"potentialAction\":[{\"@type\":\"CommentAction\",\"name\":\"Comment\",\"target\":[\"https:\\\/\\\/www.weberverpackungen.de\\\/fr\\\/joyeuses-fetes\\\/#respond\"]}]},{\"@type\":\"WebPage\",\"@id\":\"https:\\\/\\\/www.weberverpackungen.de\\\/fr\\\/joyeuses-fetes\\\/\",\"url\":\"https:\\\/\\\/www.weberverpackungen.de\\\/fr\\\/joyeuses-fetes\\\/\",\"name\":\"Joyeuses f\u00eates - WEBER Verpackungen\",\"isPartOf\":{\"@id\":\"https:\\\/\\\/www.weberverpackungen.de\\\/fr\\\/#website\"},\"primaryImageOfPage\":{\"@id\":\"https:\\\/\\\/www.weberverpackungen.de\\\/fr\\\/joyeuses-fetes\\\/#primaryimage\"},\"image\":{\"@id\":\"https:\\\/\\\/www.weberverpackungen.de\\\/fr\\\/joyeuses-fetes\\\/#primaryimage\"},\"thumbnailUrl\":\"https:\\\/\\\/www.weberverpackungen.de\\\/wp-content\\\/uploads\\\/2026\\\/03\\\/Weihnachten-2025-Blog-1024x657.png\",\"datePublished\":\"2025-12-23T09:00:00+00:00\",\"dateModified\":\"2026-07-13T13:35:12+00:00\",\"author\":{\"@id\":\"https:\\\/\\\/www.weberverpackungen.de\\\/fr\\\/#\\\/schema\\\/person\\\/58f6ef86ddffe82c7f24f28720605401\"},\"breadcrumb\":{\"@id\":\"https:\\\/\\\/www.weberverpackungen.de\\\/fr\\\/joyeuses-fetes\\\/#breadcrumb\"},\"inLanguage\":\"fr-FR\",\"potentialAction\":[{\"@type\":\"ReadAction\",\"target\":[\"https:\\\/\\\/www.weberverpackungen.de\\\/fr\\\/joyeuses-fetes\\\/\"]}]},{\"@type\":\"ImageObject\",\"inLanguage\":\"fr-FR\",\"@id\":\"https:\\\/\\\/www.weberverpackungen.de\\\/fr\\\/joyeuses-fetes\\\/#primaryimage\",\"url\":\"https:\\\/\\\/www.weberverpackungen.de\\\/wp-content\\\/uploads\\\/2026\\\/03\\\/Weihnachten-2025-Blog-1024x657.png\",\"contentUrl\":\"https:\\\/\\\/www.weberverpackungen.de\\\/wp-content\\\/uploads\\\/2026\\\/03\\\/Weihnachten-2025-Blog-1024x657.png\"},{\"@type\":\"BreadcrumbList\",\"@id\":\"https:\\\/\\\/www.weberverpackungen.de\\\/fr\\\/joyeuses-fetes\\\/#breadcrumb\",\"itemListElement\":[{\"@type\":\"ListItem\",\"position\":1,\"name\":\"Start\",\"item\":\"https:\\\/\\\/www.weberverpackungen.de\\\/fr\\\/\"},{\"@type\":\"ListItem\",\"position\":2,\"name\":\"Joyeuses f\u00eates\"}]},{\"@type\":\"WebSite\",\"@id\":\"https:\\\/\\\/www.weberverpackungen.de\\\/fr\\\/#website\",\"url\":\"https:\\\/\\\/www.weberverpackungen.de\\\/fr\\\/\",\"name\":\"WEBER Verpackungen\",\"description\":\"paper-based packaging\",\"potentialAction\":[{\"@type\":\"SearchAction\",\"target\":{\"@type\":\"EntryPoint\",\"urlTemplate\":\"https:\\\/\\\/www.weberverpackungen.de\\\/fr\\\/?s={search_term_string}\"},\"query-input\":{\"@type\":\"PropertyValueSpecification\",\"valueRequired\":true,\"valueName\":\"search_term_string\"}}],\"inLanguage\":\"fr-FR\"},{\"@type\":\"Person\",\"@id\":\"https:\\\/\\\/www.weberverpackungen.de\\\/fr\\\/#\\\/schema\\\/person\\\/58f6ef86ddffe82c7f24f28720605401\",\"name\":\"Felix Pl\u00fcmper\",\"image\":{\"@type\":\"ImageObject\",\"inLanguage\":\"fr-FR\",\"@id\":\"https:\\\/\\\/secure.gravatar.com\\\/avatar\\\/7f79dc2d7e526ba84ff1ed709aeb3dae85b7eae14bad5e0d05f5488c836a21a4?s=96&d=mm&r=g\",\"url\":\"https:\\\/\\\/secure.gravatar.com\\\/avatar\\\/7f79dc2d7e526ba84ff1ed709aeb3dae85b7eae14bad5e0d05f5488c836a21a4?s=96&d=mm&r=g\",\"contentUrl\":\"https:\\\/\\\/secure.gravatar.com\\\/avatar\\\/7f79dc2d7e526ba84ff1ed709aeb3dae85b7eae14bad5e0d05f5488c836a21a4?s=96&d=mm&r=g\",\"caption\":\"Felix Pl\u00fcmper\"},\"url\":\"https:\\\/\\\/www.weberverpackungen.de\\\/fr\\\/author\\\/felix-pluemper\\\/\"}]}<\/script>\n<!-- \/ Yoast SEO plugin. -->","yoast_head_json":{"title":"Joyeuses f\u00eates - WEBER Verpackungen","robots":{"index":"index","follow":"follow","max-snippet":"max-snippet:-1","max-image-preview":"max-image-preview:large","max-video-preview":"max-video-preview:-1"},"canonical":"https:\/\/www.weberverpackungen.de\/fr\/joyeuses-fetes\/","og_locale":"fr_FR","og_type":"article","og_title":"Joyeuses f\u00eates - WEBER Verpackungen","og_description":"Nous vous souhaitons \u00e0 tous beaucoup de bonheur, de s\u00e9r\u00e9nit\u00e9 et de moments de joie aupr\u00e8s de vos proches, ainsi qu&rsquo;un bon d\u00e9but d&rsquo;ann\u00e9e, sous le signe de la sant\u00e9 et de la paix ! Merci beaucoup pour votre confiance et votre soutien.","og_url":"https:\/\/www.weberverpackungen.de\/fr\/joyeuses-fetes\/","og_site_name":"WEBER Verpackungen","article_published_time":"2025-12-23T09:00:00+00:00","article_modified_time":"2026-07-13T13:35:12+00:00","og_image":[{"url":"https:\/\/www.weberverpackungen.de\/wp-content\/uploads\/2026\/03\/Weihnachten-2025-Blog-1024x657.png","type":"","width":"","height":""}],"author":"Felix Pl\u00fcmper","twitter_card":"summary_large_image","twitter_misc":{"\u00c9crit par":"Felix Pl\u00fcmper"},"schema":{"@context":"https:\/\/schema.org","@graph":[{"@type":"Article","@id":"https:\/\/www.weberverpackungen.de\/fr\/joyeuses-fetes\/#article","isPartOf":{"@id":"https:\/\/www.weberverpackungen.de\/fr\/joyeuses-fetes\/"},"author":{"name":"Felix Pl\u00fcmper","@id":"https:\/\/www.weberverpackungen.de\/fr\/#\/schema\/person\/58f6ef86ddffe82c7f24f28720605401"},"headline":"Joyeuses f\u00eates","datePublished":"2025-12-23T09:00:00+00:00","dateModified":"2026-07-13T13:35:12+00:00","mainEntityOfPage":{"@id":"https:\/\/www.weberverpackungen.de\/fr\/joyeuses-fetes\/"},"wordCount":51,"commentCount":0,"image":{"@id":"https:\/\/www.weberverpackungen.de\/fr\/joyeuses-fetes\/#primaryimage"},"thumbnailUrl":"https:\/\/www.weberverpackungen.de\/wp-content\/uploads\/2026\/03\/Weihnachten-2025-Blog-1024x657.png","inLanguage":"fr-FR","potentialAction":[{"@type":"CommentAction","name":"Comment","target":["https:\/\/www.weberverpackungen.de\/fr\/joyeuses-fetes\/#respond"]}]},{"@type":"WebPage","@id":"https:\/\/www.weberverpackungen.de\/fr\/joyeuses-fetes\/","url":"https:\/\/www.weberverpackungen.de\/fr\/joyeuses-fetes\/","name":"Joyeuses f\u00eates - WEBER Verpackungen","isPartOf":{"@id":"https:\/\/www.weberverpackungen.de\/fr\/#website"},"primaryImageOfPage":{"@id":"https:\/\/www.weberverpackungen.de\/fr\/joyeuses-fetes\/#primaryimage"},"image":{"@id":"https:\/\/www.weberverpackungen.de\/fr\/joyeuses-fetes\/#primaryimage"},"thumbnailUrl":"https:\/\/www.weberverpackungen.de\/wp-content\/uploads\/2026\/03\/Weihnachten-2025-Blog-1024x657.png","datePublished":"2025-12-23T09:00:00+00:00","dateModified":"2026-07-13T13:35:12+00:00","author":{"@id":"https:\/\/www.weberverpackungen.de\/fr\/#\/schema\/person\/58f6ef86ddffe82c7f24f28720605401"},"breadcrumb":{"@id":"https:\/\/www.weberverpackungen.de\/fr\/joyeuses-fetes\/#breadcrumb"},"inLanguage":"fr-FR","potentialAction":[{"@type":"ReadAction","target":["https:\/\/www.weberverpackungen.de\/fr\/joyeuses-fetes\/"]}]},{"@type":"ImageObject","inLanguage":"fr-FR","@id":"https:\/\/www.weberverpackungen.de\/fr\/joyeuses-fetes\/#primaryimage","url":"https:\/\/www.weberverpackungen.de\/wp-content\/uploads\/2026\/03\/Weihnachten-2025-Blog-1024x657.png","contentUrl":"https:\/\/www.weberverpackungen.de\/wp-content\/uploads\/2026\/03\/Weihnachten-2025-Blog-1024x657.png"},{"@type":"BreadcrumbList","@id":"https:\/\/www.weberverpackungen.de\/fr\/joyeuses-fetes\/#breadcrumb","itemListElement":[{"@type":"ListItem","position":1,"name":"Start","item":"https:\/\/www.weberverpackungen.de\/fr\/"},{"@type":"ListItem","position":2,"name":"Joyeuses f\u00eates"}]},{"@type":"WebSite","@id":"https:\/\/www.weberverpackungen.de\/fr\/#website","url":"https:\/\/www.weberverpackungen.de\/fr\/","name":"WEBER Verpackungen","description":"paper-based packaging","potentialAction":[{"@type":"SearchAction","target":{"@type":"EntryPoint","urlTemplate":"https:\/\/www.weberverpackungen.de\/fr\/?s={search_term_string}"},"query-input":{"@type":"PropertyValueSpecification","valueRequired":true,"valueName":"search_term_string"}}],"inLanguage":"fr-FR"},{"@type":"Person","@id":"https:\/\/www.weberverpackungen.de\/fr\/#\/schema\/person\/58f6ef86ddffe82c7f24f28720605401","name":"Felix Pl\u00fcmper","image":{"@type":"ImageObject","inLanguage":"fr-FR","@id":"https:\/\/secure.gravatar.com\/avatar\/7f79dc2d7e526ba84ff1ed709aeb3dae85b7eae14bad5e0d05f5488c836a21a4?s=96&d=mm&r=g","url":"https:\/\/secure.gravatar.com\/avatar\/7f79dc2d7e526ba84ff1ed709aeb3dae85b7eae14bad5e0d05f5488c836a21a4?s=96&d=mm&r=g","contentUrl":"https:\/\/secure.gravatar.com\/avatar\/7f79dc2d7e526ba84ff1ed709aeb3dae85b7eae14bad5e0d05f5488c836a21a4?s=96&d=mm&r=g","caption":"Felix Pl\u00fcmper"},"url":"https:\/\/www.weberverpackungen.de\/fr\/author\/felix-pluemper\/"}]}},"_links":{"self":[{"href":"https:\/\/www.weberverpackungen.de\/fr\/wp-json\/wp\/v2\/posts\/6858","targetHints":{"allow":["GET"]}}],"collection":[{"href":"https:\/\/www.weberverpackungen.de\/fr\/wp-json\/wp\/v2\/posts"}],"about":[{"href":"https:\/\/www.weberverpackungen.de\/fr\/wp-json\/wp\/v2\/types\/post"}],"author":[{"embeddable":true,"href":"https:\/\/www.weberverpackungen.de\/fr\/wp-json\/wp\/v2\/users\/7"}],"replies":[{"embeddable":true,"href":"https:\/\/www.weberverpackungen.de\/fr\/wp-json\/wp\/v2\/comments?post=6858"}],"version-history":[{"count":1,"href":"https:\/\/www.weberverpackungen.de\/fr\/wp-json\/wp\/v2\/posts\/6858\/revisions"}],"predecessor-version":[{"id":6863,"href":"https:\/\/www.weberverpackungen.de\/fr\/wp-json\/wp\/v2\/posts\/6858\/revisions\/6863"}],"wp:attachment":[{"href":"https:\/\/www.weberverpackungen.de\/fr\/wp-json\/wp\/v2\/media?parent=6858"}],"wp:term":[{"taxonomy":"category","embeddable":true,"href":"https:\/\/www.weberverpackungen.de\/fr\/wp-json\/wp\/v2\/categories?post=6858"},{"taxonomy":"post_tag","embeddable":true,"href":"https:\/\/www.weberverpackungen.de\/fr\/wp-json\/wp\/v2\/tags?post=6858"}],"curies":[{"name":"wp","href":"https:\/\/api.w.org\/{rel}","templated":true}]}}