{"id":6870,"date":"2026-02-11T12:09:45","date_gmt":"2026-02-11T11:09:45","guid":{"rendered":"https:\/\/weberverpackungen.de\/les-pochettes-a-couverts-sont-arrivees\/"},"modified":"2026-07-13T15:35:13","modified_gmt":"2026-07-13T13:35:13","slug":"les-pochettes-a-couverts-sont-arrivees","status":"publish","type":"post","link":"https:\/\/www.weberverpackungen.de\/fr\/les-pochettes-a-couverts-sont-arrivees\/","title":{"rendered":"Les pochettes \u00e0 couverts sont arriv\u00e9es !"},"content":{"rendered":"\n<figure class=\"wp-block-image size-large is-resized\"><img loading=\"lazy\" decoding=\"async\" width=\"819\" height=\"1024\" src=\"https:\/\/www.weberverpackungen.de\/wp-content\/uploads\/2026\/05\/NEW-DESIGNS-819x1024.png\" alt=\"\" class=\"wp-image-5340\" style=\"aspect-ratio:0.7998103897782853;width:496px;height:auto\" srcset=\"https:\/\/www.weberverpackungen.de\/wp-content\/uploads\/2026\/05\/NEW-DESIGNS-819x1024.png 819w, https:\/\/www.weberverpackungen.de\/wp-content\/uploads\/2026\/05\/NEW-DESIGNS-240x300.png 240w, https:\/\/www.weberverpackungen.de\/wp-content\/uploads\/2026\/05\/NEW-DESIGNS-768x960.png 768w, https:\/\/www.weberverpackungen.de\/wp-content\/uploads\/2026\/05\/NEW-DESIGNS.png 1080w\" sizes=\"auto, (max-width: 819px) 100vw, 819px\" \/><\/figure>\n\n<p class=\"wp-block-paragraph\">Notre pochette \u00e0 couverts est la solution id\u00e9ale pour la distribution sans contact des couverts : hygi\u00e9nique et s\u00fbre.<br\/>Les exigences en mati\u00e8re d&rsquo;hygi\u00e8ne pour les \u00e9tablissements de restauration sont et restent \u00e9lev\u00e9es. Nous souhaitons vous aider \u00e0 y r\u00e9pondre.<br\/>Notre pochette \u00e0 couverts est la solution optimale pour emballer les couverts de mani\u00e8re \u00e9conomique et hygi\u00e9nique : enti\u00e8rement en papier et 100 % recyclable. Sa facilit\u00e9 d\u2019utilisation en fait LA solution d\u2019emballage id\u00e9ale, tant pour le personnel que pour les clients.  <\/p>\n\n<p class=\"wp-block-paragraph\"><\/p>\n","protected":false},"excerpt":{"rendered":"<p>Notre pochette \u00e0 couverts est la solution id\u00e9ale pour la distribution sans contact des couverts : hygi\u00e9nique et s\u00fbre.Les exigences en mati\u00e8re d&rsquo;hygi\u00e8ne pour les \u00e9tablissements de restauration sont et restent \u00e9lev\u00e9es. Nous souhaitons vous aider \u00e0 y r\u00e9pondre.Notre pochette \u00e0 couverts est la solution optimale pour emballer les couverts de mani\u00e8re \u00e9conomique et hygi\u00e9nique [&hellip;]<\/p>\n","protected":false},"author":7,"featured_media":6871,"comment_status":"open","ping_status":"open","sticky":false,"template":"","format":"standard","meta":{"_acf_changed":false,"footnotes":""},"categories":[24],"tags":[],"class_list":["post-6870","post","type-post","status-publish","format-standard","has-post-thumbnail","hentry","category-non-classe"],"acf":[],"yoast_head":"<!-- This site is optimized with the Yoast SEO plugin v28.3 - https:\/\/yoast.com\/product\/yoast-seo-wordpress\/ -->\n<title>Les pochettes \u00e0 couverts sont arriv\u00e9es ! - WEBER Verpackungen<\/title>\n<meta name=\"robots\" content=\"index, follow, max-snippet:-1, max-image-preview:large, max-video-preview:-1\" \/>\n<link rel=\"canonical\" href=\"https:\/\/www.weberverpackungen.de\/fr\/les-pochettes-a-couverts-sont-arrivees\/\" \/>\n<meta property=\"og:locale\" content=\"fr_FR\" \/>\n<meta property=\"og:type\" content=\"article\" \/>\n<meta property=\"og:title\" content=\"Les pochettes \u00e0 couverts sont arriv\u00e9es ! - WEBER Verpackungen\" \/>\n<meta property=\"og:description\" content=\"Notre pochette \u00e0 couverts est la solution id\u00e9ale pour la distribution sans contact des couverts : hygi\u00e9nique et s\u00fbre.Les exigences en mati\u00e8re d&rsquo;hygi\u00e8ne pour les \u00e9tablissements de restauration sont et restent \u00e9lev\u00e9es. Nous souhaitons vous aider \u00e0 y r\u00e9pondre.Notre pochette \u00e0 couverts est la solution optimale pour emballer les couverts de mani\u00e8re \u00e9conomique et hygi\u00e9nique [&hellip;]\" \/>\n<meta property=\"og:url\" content=\"https:\/\/www.weberverpackungen.de\/fr\/les-pochettes-a-couverts-sont-arrivees\/\" \/>\n<meta property=\"og:site_name\" content=\"WEBER Verpackungen\" \/>\n<meta property=\"article:published_time\" content=\"2026-02-11T11:09:45+00:00\" \/>\n<meta property=\"article:modified_time\" content=\"2026-07-13T13:35:13+00:00\" \/>\n<meta property=\"og:image\" content=\"https:\/\/www.weberverpackungen.de\/wp-content\/uploads\/2026\/05\/NEW-DESIGNS.png\" \/>\n\t<meta property=\"og:image:width\" content=\"1080\" \/>\n\t<meta property=\"og:image:height\" content=\"1350\" \/>\n\t<meta property=\"og:image:type\" content=\"image\/png\" \/>\n<meta name=\"author\" content=\"Felix Pl\u00fcmper\" \/>\n<meta name=\"twitter:card\" content=\"summary_large_image\" \/>\n<meta name=\"twitter:label1\" content=\"\u00c9crit par\" \/>\n\t<meta name=\"twitter:data1\" content=\"Felix Pl\u00fcmper\" \/>\n<script type=\"application\/ld+json\" class=\"yoast-schema-graph\">{\"@context\":\"https:\\\/\\\/schema.org\",\"@graph\":[{\"@type\":\"Article\",\"@id\":\"https:\\\/\\\/www.weberverpackungen.de\\\/fr\\\/les-pochettes-a-couverts-sont-arrivees\\\/#article\",\"isPartOf\":{\"@id\":\"https:\\\/\\\/www.weberverpackungen.de\\\/fr\\\/les-pochettes-a-couverts-sont-arrivees\\\/\"},\"author\":{\"name\":\"Felix Pl\u00fcmper\",\"@id\":\"https:\\\/\\\/www.weberverpackungen.de\\\/fr\\\/#\\\/schema\\\/person\\\/58f6ef86ddffe82c7f24f28720605401\"},\"headline\":\"Les pochettes \u00e0 couverts sont arriv\u00e9es !\",\"datePublished\":\"2026-02-11T11:09:45+00:00\",\"dateModified\":\"2026-07-13T13:35:13+00:00\",\"mainEntityOfPage\":{\"@id\":\"https:\\\/\\\/www.weberverpackungen.de\\\/fr\\\/les-pochettes-a-couverts-sont-arrivees\\\/\"},\"wordCount\":95,\"commentCount\":0,\"image\":{\"@id\":\"https:\\\/\\\/www.weberverpackungen.de\\\/fr\\\/les-pochettes-a-couverts-sont-arrivees\\\/#primaryimage\"},\"thumbnailUrl\":\"https:\\\/\\\/www.weberverpackungen.de\\\/wp-content\\\/uploads\\\/2026\\\/05\\\/NEW-DESIGNS.png\",\"inLanguage\":\"fr-FR\",\"potentialAction\":[{\"@type\":\"CommentAction\",\"name\":\"Comment\",\"target\":[\"https:\\\/\\\/www.weberverpackungen.de\\\/fr\\\/les-pochettes-a-couverts-sont-arrivees\\\/#respond\"]}]},{\"@type\":\"WebPage\",\"@id\":\"https:\\\/\\\/www.weberverpackungen.de\\\/fr\\\/les-pochettes-a-couverts-sont-arrivees\\\/\",\"url\":\"https:\\\/\\\/www.weberverpackungen.de\\\/fr\\\/les-pochettes-a-couverts-sont-arrivees\\\/\",\"name\":\"Les pochettes \u00e0 couverts sont arriv\u00e9es ! - WEBER Verpackungen\",\"isPartOf\":{\"@id\":\"https:\\\/\\\/www.weberverpackungen.de\\\/fr\\\/#website\"},\"primaryImageOfPage\":{\"@id\":\"https:\\\/\\\/www.weberverpackungen.de\\\/fr\\\/les-pochettes-a-couverts-sont-arrivees\\\/#primaryimage\"},\"image\":{\"@id\":\"https:\\\/\\\/www.weberverpackungen.de\\\/fr\\\/les-pochettes-a-couverts-sont-arrivees\\\/#primaryimage\"},\"thumbnailUrl\":\"https:\\\/\\\/www.weberverpackungen.de\\\/wp-content\\\/uploads\\\/2026\\\/05\\\/NEW-DESIGNS.png\",\"datePublished\":\"2026-02-11T11:09:45+00:00\",\"dateModified\":\"2026-07-13T13:35:13+00:00\",\"author\":{\"@id\":\"https:\\\/\\\/www.weberverpackungen.de\\\/fr\\\/#\\\/schema\\\/person\\\/58f6ef86ddffe82c7f24f28720605401\"},\"breadcrumb\":{\"@id\":\"https:\\\/\\\/www.weberverpackungen.de\\\/fr\\\/les-pochettes-a-couverts-sont-arrivees\\\/#breadcrumb\"},\"inLanguage\":\"fr-FR\",\"potentialAction\":[{\"@type\":\"ReadAction\",\"target\":[\"https:\\\/\\\/www.weberverpackungen.de\\\/fr\\\/les-pochettes-a-couverts-sont-arrivees\\\/\"]}]},{\"@type\":\"ImageObject\",\"inLanguage\":\"fr-FR\",\"@id\":\"https:\\\/\\\/www.weberverpackungen.de\\\/fr\\\/les-pochettes-a-couverts-sont-arrivees\\\/#primaryimage\",\"url\":\"https:\\\/\\\/www.weberverpackungen.de\\\/wp-content\\\/uploads\\\/2026\\\/05\\\/NEW-DESIGNS.png\",\"contentUrl\":\"https:\\\/\\\/www.weberverpackungen.de\\\/wp-content\\\/uploads\\\/2026\\\/05\\\/NEW-DESIGNS.png\",\"width\":1080,\"height\":1350},{\"@type\":\"BreadcrumbList\",\"@id\":\"https:\\\/\\\/www.weberverpackungen.de\\\/fr\\\/les-pochettes-a-couverts-sont-arrivees\\\/#breadcrumb\",\"itemListElement\":[{\"@type\":\"ListItem\",\"position\":1,\"name\":\"Start\",\"item\":\"https:\\\/\\\/www.weberverpackungen.de\\\/fr\\\/\"},{\"@type\":\"ListItem\",\"position\":2,\"name\":\"Les pochettes \u00e0 couverts sont arriv\u00e9es !\"}]},{\"@type\":\"WebSite\",\"@id\":\"https:\\\/\\\/www.weberverpackungen.de\\\/fr\\\/#website\",\"url\":\"https:\\\/\\\/www.weberverpackungen.de\\\/fr\\\/\",\"name\":\"WEBER Verpackungen\",\"description\":\"paper-based packaging\",\"potentialAction\":[{\"@type\":\"SearchAction\",\"target\":{\"@type\":\"EntryPoint\",\"urlTemplate\":\"https:\\\/\\\/www.weberverpackungen.de\\\/fr\\\/?s={search_term_string}\"},\"query-input\":{\"@type\":\"PropertyValueSpecification\",\"valueRequired\":true,\"valueName\":\"search_term_string\"}}],\"inLanguage\":\"fr-FR\"},{\"@type\":\"Person\",\"@id\":\"https:\\\/\\\/www.weberverpackungen.de\\\/fr\\\/#\\\/schema\\\/person\\\/58f6ef86ddffe82c7f24f28720605401\",\"name\":\"Felix Pl\u00fcmper\",\"image\":{\"@type\":\"ImageObject\",\"inLanguage\":\"fr-FR\",\"@id\":\"https:\\\/\\\/secure.gravatar.com\\\/avatar\\\/7f79dc2d7e526ba84ff1ed709aeb3dae85b7eae14bad5e0d05f5488c836a21a4?s=96&d=mm&r=g\",\"url\":\"https:\\\/\\\/secure.gravatar.com\\\/avatar\\\/7f79dc2d7e526ba84ff1ed709aeb3dae85b7eae14bad5e0d05f5488c836a21a4?s=96&d=mm&r=g\",\"contentUrl\":\"https:\\\/\\\/secure.gravatar.com\\\/avatar\\\/7f79dc2d7e526ba84ff1ed709aeb3dae85b7eae14bad5e0d05f5488c836a21a4?s=96&d=mm&r=g\",\"caption\":\"Felix Pl\u00fcmper\"},\"url\":\"https:\\\/\\\/www.weberverpackungen.de\\\/fr\\\/author\\\/felix-pluemper\\\/\"}]}<\/script>\n<!-- \/ Yoast SEO plugin. -->","yoast_head_json":{"title":"Les pochettes \u00e0 couverts sont arriv\u00e9es ! - WEBER Verpackungen","robots":{"index":"index","follow":"follow","max-snippet":"max-snippet:-1","max-image-preview":"max-image-preview:large","max-video-preview":"max-video-preview:-1"},"canonical":"https:\/\/www.weberverpackungen.de\/fr\/les-pochettes-a-couverts-sont-arrivees\/","og_locale":"fr_FR","og_type":"article","og_title":"Les pochettes \u00e0 couverts sont arriv\u00e9es ! - WEBER Verpackungen","og_description":"Notre pochette \u00e0 couverts est la solution id\u00e9ale pour la distribution sans contact des couverts : hygi\u00e9nique et s\u00fbre.Les exigences en mati\u00e8re d&rsquo;hygi\u00e8ne pour les \u00e9tablissements de restauration sont et restent \u00e9lev\u00e9es. Nous souhaitons vous aider \u00e0 y r\u00e9pondre.Notre pochette \u00e0 couverts est la solution optimale pour emballer les couverts de mani\u00e8re \u00e9conomique et hygi\u00e9nique [&hellip;]","og_url":"https:\/\/www.weberverpackungen.de\/fr\/les-pochettes-a-couverts-sont-arrivees\/","og_site_name":"WEBER Verpackungen","article_published_time":"2026-02-11T11:09:45+00:00","article_modified_time":"2026-07-13T13:35:13+00:00","og_image":[{"width":1080,"height":1350,"url":"https:\/\/www.weberverpackungen.de\/wp-content\/uploads\/2026\/05\/NEW-DESIGNS.png","type":"image\/png"}],"author":"Felix Pl\u00fcmper","twitter_card":"summary_large_image","twitter_misc":{"\u00c9crit par":"Felix Pl\u00fcmper"},"schema":{"@context":"https:\/\/schema.org","@graph":[{"@type":"Article","@id":"https:\/\/www.weberverpackungen.de\/fr\/les-pochettes-a-couverts-sont-arrivees\/#article","isPartOf":{"@id":"https:\/\/www.weberverpackungen.de\/fr\/les-pochettes-a-couverts-sont-arrivees\/"},"author":{"name":"Felix Pl\u00fcmper","@id":"https:\/\/www.weberverpackungen.de\/fr\/#\/schema\/person\/58f6ef86ddffe82c7f24f28720605401"},"headline":"Les pochettes \u00e0 couverts sont arriv\u00e9es !","datePublished":"2026-02-11T11:09:45+00:00","dateModified":"2026-07-13T13:35:13+00:00","mainEntityOfPage":{"@id":"https:\/\/www.weberverpackungen.de\/fr\/les-pochettes-a-couverts-sont-arrivees\/"},"wordCount":95,"commentCount":0,"image":{"@id":"https:\/\/www.weberverpackungen.de\/fr\/les-pochettes-a-couverts-sont-arrivees\/#primaryimage"},"thumbnailUrl":"https:\/\/www.weberverpackungen.de\/wp-content\/uploads\/2026\/05\/NEW-DESIGNS.png","inLanguage":"fr-FR","potentialAction":[{"@type":"CommentAction","name":"Comment","target":["https:\/\/www.weberverpackungen.de\/fr\/les-pochettes-a-couverts-sont-arrivees\/#respond"]}]},{"@type":"WebPage","@id":"https:\/\/www.weberverpackungen.de\/fr\/les-pochettes-a-couverts-sont-arrivees\/","url":"https:\/\/www.weberverpackungen.de\/fr\/les-pochettes-a-couverts-sont-arrivees\/","name":"Les pochettes \u00e0 couverts sont arriv\u00e9es ! - WEBER Verpackungen","isPartOf":{"@id":"https:\/\/www.weberverpackungen.de\/fr\/#website"},"primaryImageOfPage":{"@id":"https:\/\/www.weberverpackungen.de\/fr\/les-pochettes-a-couverts-sont-arrivees\/#primaryimage"},"image":{"@id":"https:\/\/www.weberverpackungen.de\/fr\/les-pochettes-a-couverts-sont-arrivees\/#primaryimage"},"thumbnailUrl":"https:\/\/www.weberverpackungen.de\/wp-content\/uploads\/2026\/05\/NEW-DESIGNS.png","datePublished":"2026-02-11T11:09:45+00:00","dateModified":"2026-07-13T13:35:13+00:00","author":{"@id":"https:\/\/www.weberverpackungen.de\/fr\/#\/schema\/person\/58f6ef86ddffe82c7f24f28720605401"},"breadcrumb":{"@id":"https:\/\/www.weberverpackungen.de\/fr\/les-pochettes-a-couverts-sont-arrivees\/#breadcrumb"},"inLanguage":"fr-FR","potentialAction":[{"@type":"ReadAction","target":["https:\/\/www.weberverpackungen.de\/fr\/les-pochettes-a-couverts-sont-arrivees\/"]}]},{"@type":"ImageObject","inLanguage":"fr-FR","@id":"https:\/\/www.weberverpackungen.de\/fr\/les-pochettes-a-couverts-sont-arrivees\/#primaryimage","url":"https:\/\/www.weberverpackungen.de\/wp-content\/uploads\/2026\/05\/NEW-DESIGNS.png","contentUrl":"https:\/\/www.weberverpackungen.de\/wp-content\/uploads\/2026\/05\/NEW-DESIGNS.png","width":1080,"height":1350},{"@type":"BreadcrumbList","@id":"https:\/\/www.weberverpackungen.de\/fr\/les-pochettes-a-couverts-sont-arrivees\/#breadcrumb","itemListElement":[{"@type":"ListItem","position":1,"name":"Start","item":"https:\/\/www.weberverpackungen.de\/fr\/"},{"@type":"ListItem","position":2,"name":"Les pochettes \u00e0 couverts sont arriv\u00e9es !"}]},{"@type":"WebSite","@id":"https:\/\/www.weberverpackungen.de\/fr\/#website","url":"https:\/\/www.weberverpackungen.de\/fr\/","name":"WEBER Verpackungen","description":"paper-based packaging","potentialAction":[{"@type":"SearchAction","target":{"@type":"EntryPoint","urlTemplate":"https:\/\/www.weberverpackungen.de\/fr\/?s={search_term_string}"},"query-input":{"@type":"PropertyValueSpecification","valueRequired":true,"valueName":"search_term_string"}}],"inLanguage":"fr-FR"},{"@type":"Person","@id":"https:\/\/www.weberverpackungen.de\/fr\/#\/schema\/person\/58f6ef86ddffe82c7f24f28720605401","name":"Felix Pl\u00fcmper","image":{"@type":"ImageObject","inLanguage":"fr-FR","@id":"https:\/\/secure.gravatar.com\/avatar\/7f79dc2d7e526ba84ff1ed709aeb3dae85b7eae14bad5e0d05f5488c836a21a4?s=96&d=mm&r=g","url":"https:\/\/secure.gravatar.com\/avatar\/7f79dc2d7e526ba84ff1ed709aeb3dae85b7eae14bad5e0d05f5488c836a21a4?s=96&d=mm&r=g","contentUrl":"https:\/\/secure.gravatar.com\/avatar\/7f79dc2d7e526ba84ff1ed709aeb3dae85b7eae14bad5e0d05f5488c836a21a4?s=96&d=mm&r=g","caption":"Felix Pl\u00fcmper"},"url":"https:\/\/www.weberverpackungen.de\/fr\/author\/felix-pluemper\/"}]}},"_links":{"self":[{"href":"https:\/\/www.weberverpackungen.de\/fr\/wp-json\/wp\/v2\/posts\/6870","targetHints":{"allow":["GET"]}}],"collection":[{"href":"https:\/\/www.weberverpackungen.de\/fr\/wp-json\/wp\/v2\/posts"}],"about":[{"href":"https:\/\/www.weberverpackungen.de\/fr\/wp-json\/wp\/v2\/types\/post"}],"author":[{"embeddable":true,"href":"https:\/\/www.weberverpackungen.de\/fr\/wp-json\/wp\/v2\/users\/7"}],"replies":[{"embeddable":true,"href":"https:\/\/www.weberverpackungen.de\/fr\/wp-json\/wp\/v2\/comments?post=6870"}],"version-history":[{"count":1,"href":"https:\/\/www.weberverpackungen.de\/fr\/wp-json\/wp\/v2\/posts\/6870\/revisions"}],"predecessor-version":[{"id":6872,"href":"https:\/\/www.weberverpackungen.de\/fr\/wp-json\/wp\/v2\/posts\/6870\/revisions\/6872"}],"wp:featuredmedia":[{"embeddable":true,"href":"https:\/\/www.weberverpackungen.de\/fr\/wp-json\/wp\/v2\/media\/6871"}],"wp:attachment":[{"href":"https:\/\/www.weberverpackungen.de\/fr\/wp-json\/wp\/v2\/media?parent=6870"}],"wp:term":[{"taxonomy":"category","embeddable":true,"href":"https:\/\/www.weberverpackungen.de\/fr\/wp-json\/wp\/v2\/categories?post=6870"},{"taxonomy":"post_tag","embeddable":true,"href":"https:\/\/www.weberverpackungen.de\/fr\/wp-json\/wp\/v2\/tags?post=6870"}],"curies":[{"name":"wp","href":"https:\/\/api.w.org\/{rel}","templated":true}]}}