{"id":6873,"date":"2025-12-11T10:44:05","date_gmt":"2025-12-11T09:44:05","guid":{"rendered":"https:\/\/weberverpackungen.de\/gagnants-du-jeu-concours-organise-a-loccasion-de-la-journee-de-la-formation\/"},"modified":"2026-07-13T15:35:16","modified_gmt":"2026-07-13T13:35:16","slug":"gagnants-du-jeu-concours-organise-a-loccasion-de-la-journee-de-la-formation","status":"publish","type":"post","link":"https:\/\/www.weberverpackungen.de\/fr\/gagnants-du-jeu-concours-organise-a-loccasion-de-la-journee-de-la-formation\/","title":{"rendered":"Gagnants du jeu-concours organis\u00e9 \u00e0 l&rsquo;occasion de la Journ\u00e9e de la formation"},"content":{"rendered":"\n<figure class=\"wp-block-image size-large\"><img loading=\"lazy\" decoding=\"async\" width=\"1024\" height=\"657\" src=\"https:\/\/www.weberverpackungen.de\/wp-content\/uploads\/2026\/03\/Gewinner-Tag-der-ausbildung-1024x657.png\" alt=\"\" class=\"wp-image-2043\" srcset=\"https:\/\/www.weberverpackungen.de\/wp-content\/uploads\/2026\/03\/Gewinner-Tag-der-ausbildung-1024x657.png 1024w, https:\/\/www.weberverpackungen.de\/wp-content\/uploads\/2026\/03\/Gewinner-Tag-der-ausbildung-300x192.png 300w, https:\/\/www.weberverpackungen.de\/wp-content\/uploads\/2026\/03\/Gewinner-Tag-der-ausbildung-768x493.png 768w, https:\/\/www.weberverpackungen.de\/wp-content\/uploads\/2026\/03\/Gewinner-Tag-der-ausbildung.png 1060w\" sizes=\"auto, (max-width: 1024px) 100vw, 1024px\" \/><\/figure>\n\n<p class=\"wp-block-paragraph\">F\u00e9licitations \u00e0 nos gagnants !<\/p>\n\n<p class=\"wp-block-paragraph\">Les voici donc\u2026 nos gagnants du jeu-concours organis\u00e9 \u00e0 l&rsquo;occasion de la Journ\u00e9e de l&rsquo;apprentissage, le 15 novembre 2025.<\/p>\n\n<p class=\"wp-block-paragraph\">F\u00e9licitations \u00e0 Samuel, Jakob, Steffen, Luca et Florian.<\/p>\n\n<p class=\"wp-block-paragraph\">Un grand merci \u00e0 tous les visiteurs et visiteuses pour votre int\u00e9r\u00eat et votre participation. C&rsquo;est gr\u00e2ce \u00e0 vous que cette journ\u00e9e a \u00e9t\u00e9 si sp\u00e9ciale ! <\/p>\n\n<p class=\"wp-block-paragraph\">Nous tenons \u00e9galement \u00e0 remercier nos sponsors, la commune de Wickede, Lojewski et WIB, pour avoir offert les lots.<\/p>\n\n<p class=\"wp-block-paragraph\">Nous tenons \u00e0 saluer tout particuli\u00e8rement nos entreprises partenaires, Hillebrand Coating et WHW Hillebrand, qui ont elles aussi ouvert leurs portes et offert un aper\u00e7u passionnant de leurs activit\u00e9s. Ensemble, nous avons montr\u00e9 toute la diversit\u00e9 de la formation. <\/p>\n","protected":false},"excerpt":{"rendered":"<p>F\u00e9licitations \u00e0 nos gagnants ! Les voici donc\u2026 nos gagnants du jeu-concours organis\u00e9 \u00e0 l&rsquo;occasion de la Journ\u00e9e de l&rsquo;apprentissage, le 15 novembre 2025. F\u00e9licitations \u00e0 Samuel, Jakob, Steffen, Luca et Florian. Un grand merci \u00e0 tous les visiteurs et visiteuses pour votre int\u00e9r\u00eat et votre participation. C&rsquo;est gr\u00e2ce \u00e0 vous que cette journ\u00e9e a [&hellip;]<\/p>\n","protected":false},"author":7,"featured_media":6874,"comment_status":"closed","ping_status":"open","sticky":false,"template":"","format":"standard","meta":{"_acf_changed":false,"footnotes":""},"categories":[24],"tags":[],"class_list":["post-6873","post","type-post","status-publish","format-standard","has-post-thumbnail","hentry","category-non-classe"],"acf":[],"yoast_head":"<!-- This site is optimized with the Yoast SEO plugin v28.3 - https:\/\/yoast.com\/product\/yoast-seo-wordpress\/ -->\n<title>Gagnants du jeu-concours organis\u00e9 \u00e0 l&#039;occasion de la Journ\u00e9e de la formation - WEBER Verpackungen<\/title>\n<meta name=\"robots\" content=\"index, follow, max-snippet:-1, max-image-preview:large, max-video-preview:-1\" \/>\n<link rel=\"canonical\" href=\"https:\/\/www.weberverpackungen.de\/fr\/gagnants-du-jeu-concours-organise-a-loccasion-de-la-journee-de-la-formation\/\" \/>\n<meta property=\"og:locale\" content=\"fr_FR\" \/>\n<meta property=\"og:type\" content=\"article\" \/>\n<meta property=\"og:title\" content=\"Gagnants du jeu-concours organis\u00e9 \u00e0 l&#039;occasion de la Journ\u00e9e de la formation - WEBER Verpackungen\" \/>\n<meta property=\"og:description\" content=\"F\u00e9licitations \u00e0 nos gagnants ! Les voici donc\u2026 nos gagnants du jeu-concours organis\u00e9 \u00e0 l&rsquo;occasion de la Journ\u00e9e de l&rsquo;apprentissage, le 15 novembre 2025. F\u00e9licitations \u00e0 Samuel, Jakob, Steffen, Luca et Florian. Un grand merci \u00e0 tous les visiteurs et visiteuses pour votre int\u00e9r\u00eat et votre participation. C&rsquo;est gr\u00e2ce \u00e0 vous que cette journ\u00e9e a [&hellip;]\" \/>\n<meta property=\"og:url\" content=\"https:\/\/www.weberverpackungen.de\/fr\/gagnants-du-jeu-concours-organise-a-loccasion-de-la-journee-de-la-formation\/\" \/>\n<meta property=\"og:site_name\" content=\"WEBER Verpackungen\" \/>\n<meta property=\"article:published_time\" content=\"2025-12-11T09:44:05+00:00\" \/>\n<meta property=\"article:modified_time\" content=\"2026-07-13T13:35:16+00:00\" \/>\n<meta property=\"og:image\" content=\"https:\/\/www.weberverpackungen.de\/wp-content\/uploads\/2026\/03\/Gewinner-Tag-der-ausbildung.png\" \/>\n\t<meta property=\"og:image:width\" content=\"1060\" \/>\n\t<meta property=\"og:image:height\" content=\"680\" \/>\n\t<meta property=\"og:image:type\" content=\"image\/png\" \/>\n<meta name=\"author\" content=\"Felix Pl\u00fcmper\" \/>\n<meta name=\"twitter:card\" content=\"summary_large_image\" \/>\n<meta name=\"twitter:label1\" content=\"\u00c9crit par\" \/>\n\t<meta name=\"twitter:data1\" content=\"Felix Pl\u00fcmper\" \/>\n\t<meta name=\"twitter:label2\" content=\"Dur\u00e9e de lecture estim\u00e9e\" \/>\n\t<meta name=\"twitter:data2\" content=\"1 minute\" \/>\n<script type=\"application\/ld+json\" class=\"yoast-schema-graph\">{\"@context\":\"https:\\\/\\\/schema.org\",\"@graph\":[{\"@type\":\"Article\",\"@id\":\"https:\\\/\\\/www.weberverpackungen.de\\\/fr\\\/gagnants-du-jeu-concours-organise-a-loccasion-de-la-journee-de-la-formation\\\/#article\",\"isPartOf\":{\"@id\":\"https:\\\/\\\/www.weberverpackungen.de\\\/fr\\\/gagnants-du-jeu-concours-organise-a-loccasion-de-la-journee-de-la-formation\\\/\"},\"author\":{\"name\":\"Felix Pl\u00fcmper\",\"@id\":\"https:\\\/\\\/www.weberverpackungen.de\\\/fr\\\/#\\\/schema\\\/person\\\/58f6ef86ddffe82c7f24f28720605401\"},\"headline\":\"Gagnants du jeu-concours organis\u00e9 \u00e0 l&rsquo;occasion de la Journ\u00e9e de la formation\",\"datePublished\":\"2025-12-11T09:44:05+00:00\",\"dateModified\":\"2026-07-13T13:35:16+00:00\",\"mainEntityOfPage\":{\"@id\":\"https:\\\/\\\/www.weberverpackungen.de\\\/fr\\\/gagnants-du-jeu-concours-organise-a-loccasion-de-la-journee-de-la-formation\\\/\"},\"wordCount\":133,\"image\":{\"@id\":\"https:\\\/\\\/www.weberverpackungen.de\\\/fr\\\/gagnants-du-jeu-concours-organise-a-loccasion-de-la-journee-de-la-formation\\\/#primaryimage\"},\"thumbnailUrl\":\"https:\\\/\\\/www.weberverpackungen.de\\\/wp-content\\\/uploads\\\/2026\\\/03\\\/Gewinner-Tag-der-ausbildung.png\",\"inLanguage\":\"fr-FR\"},{\"@type\":\"WebPage\",\"@id\":\"https:\\\/\\\/www.weberverpackungen.de\\\/fr\\\/gagnants-du-jeu-concours-organise-a-loccasion-de-la-journee-de-la-formation\\\/\",\"url\":\"https:\\\/\\\/www.weberverpackungen.de\\\/fr\\\/gagnants-du-jeu-concours-organise-a-loccasion-de-la-journee-de-la-formation\\\/\",\"name\":\"Gagnants du jeu-concours organis\u00e9 \u00e0 l'occasion de la Journ\u00e9e de la formation - WEBER Verpackungen\",\"isPartOf\":{\"@id\":\"https:\\\/\\\/www.weberverpackungen.de\\\/fr\\\/#website\"},\"primaryImageOfPage\":{\"@id\":\"https:\\\/\\\/www.weberverpackungen.de\\\/fr\\\/gagnants-du-jeu-concours-organise-a-loccasion-de-la-journee-de-la-formation\\\/#primaryimage\"},\"image\":{\"@id\":\"https:\\\/\\\/www.weberverpackungen.de\\\/fr\\\/gagnants-du-jeu-concours-organise-a-loccasion-de-la-journee-de-la-formation\\\/#primaryimage\"},\"thumbnailUrl\":\"https:\\\/\\\/www.weberverpackungen.de\\\/wp-content\\\/uploads\\\/2026\\\/03\\\/Gewinner-Tag-der-ausbildung.png\",\"datePublished\":\"2025-12-11T09:44:05+00:00\",\"dateModified\":\"2026-07-13T13:35:16+00:00\",\"author\":{\"@id\":\"https:\\\/\\\/www.weberverpackungen.de\\\/fr\\\/#\\\/schema\\\/person\\\/58f6ef86ddffe82c7f24f28720605401\"},\"breadcrumb\":{\"@id\":\"https:\\\/\\\/www.weberverpackungen.de\\\/fr\\\/gagnants-du-jeu-concours-organise-a-loccasion-de-la-journee-de-la-formation\\\/#breadcrumb\"},\"inLanguage\":\"fr-FR\",\"potentialAction\":[{\"@type\":\"ReadAction\",\"target\":[\"https:\\\/\\\/www.weberverpackungen.de\\\/fr\\\/gagnants-du-jeu-concours-organise-a-loccasion-de-la-journee-de-la-formation\\\/\"]}]},{\"@type\":\"ImageObject\",\"inLanguage\":\"fr-FR\",\"@id\":\"https:\\\/\\\/www.weberverpackungen.de\\\/fr\\\/gagnants-du-jeu-concours-organise-a-loccasion-de-la-journee-de-la-formation\\\/#primaryimage\",\"url\":\"https:\\\/\\\/www.weberverpackungen.de\\\/wp-content\\\/uploads\\\/2026\\\/03\\\/Gewinner-Tag-der-ausbildung.png\",\"contentUrl\":\"https:\\\/\\\/www.weberverpackungen.de\\\/wp-content\\\/uploads\\\/2026\\\/03\\\/Gewinner-Tag-der-ausbildung.png\",\"width\":1060,\"height\":680},{\"@type\":\"BreadcrumbList\",\"@id\":\"https:\\\/\\\/www.weberverpackungen.de\\\/fr\\\/gagnants-du-jeu-concours-organise-a-loccasion-de-la-journee-de-la-formation\\\/#breadcrumb\",\"itemListElement\":[{\"@type\":\"ListItem\",\"position\":1,\"name\":\"Start\",\"item\":\"https:\\\/\\\/www.weberverpackungen.de\\\/fr\\\/\"},{\"@type\":\"ListItem\",\"position\":2,\"name\":\"Gagnants du jeu-concours organis\u00e9 \u00e0 l&rsquo;occasion de la Journ\u00e9e de la formation\"}]},{\"@type\":\"WebSite\",\"@id\":\"https:\\\/\\\/www.weberverpackungen.de\\\/fr\\\/#website\",\"url\":\"https:\\\/\\\/www.weberverpackungen.de\\\/fr\\\/\",\"name\":\"WEBER Verpackungen\",\"description\":\"paper-based packaging\",\"potentialAction\":[{\"@type\":\"SearchAction\",\"target\":{\"@type\":\"EntryPoint\",\"urlTemplate\":\"https:\\\/\\\/www.weberverpackungen.de\\\/fr\\\/?s={search_term_string}\"},\"query-input\":{\"@type\":\"PropertyValueSpecification\",\"valueRequired\":true,\"valueName\":\"search_term_string\"}}],\"inLanguage\":\"fr-FR\"},{\"@type\":\"Person\",\"@id\":\"https:\\\/\\\/www.weberverpackungen.de\\\/fr\\\/#\\\/schema\\\/person\\\/58f6ef86ddffe82c7f24f28720605401\",\"name\":\"Felix Pl\u00fcmper\",\"image\":{\"@type\":\"ImageObject\",\"inLanguage\":\"fr-FR\",\"@id\":\"https:\\\/\\\/secure.gravatar.com\\\/avatar\\\/7f79dc2d7e526ba84ff1ed709aeb3dae85b7eae14bad5e0d05f5488c836a21a4?s=96&d=mm&r=g\",\"url\":\"https:\\\/\\\/secure.gravatar.com\\\/avatar\\\/7f79dc2d7e526ba84ff1ed709aeb3dae85b7eae14bad5e0d05f5488c836a21a4?s=96&d=mm&r=g\",\"contentUrl\":\"https:\\\/\\\/secure.gravatar.com\\\/avatar\\\/7f79dc2d7e526ba84ff1ed709aeb3dae85b7eae14bad5e0d05f5488c836a21a4?s=96&d=mm&r=g\",\"caption\":\"Felix Pl\u00fcmper\"},\"url\":\"https:\\\/\\\/www.weberverpackungen.de\\\/fr\\\/author\\\/felix-pluemper\\\/\"}]}<\/script>\n<!-- \/ Yoast SEO plugin. -->","yoast_head_json":{"title":"Gagnants du jeu-concours organis\u00e9 \u00e0 l'occasion de la Journ\u00e9e de la formation - WEBER Verpackungen","robots":{"index":"index","follow":"follow","max-snippet":"max-snippet:-1","max-image-preview":"max-image-preview:large","max-video-preview":"max-video-preview:-1"},"canonical":"https:\/\/www.weberverpackungen.de\/fr\/gagnants-du-jeu-concours-organise-a-loccasion-de-la-journee-de-la-formation\/","og_locale":"fr_FR","og_type":"article","og_title":"Gagnants du jeu-concours organis\u00e9 \u00e0 l'occasion de la Journ\u00e9e de la formation - WEBER Verpackungen","og_description":"F\u00e9licitations \u00e0 nos gagnants ! Les voici donc\u2026 nos gagnants du jeu-concours organis\u00e9 \u00e0 l&rsquo;occasion de la Journ\u00e9e de l&rsquo;apprentissage, le 15 novembre 2025. F\u00e9licitations \u00e0 Samuel, Jakob, Steffen, Luca et Florian. Un grand merci \u00e0 tous les visiteurs et visiteuses pour votre int\u00e9r\u00eat et votre participation. C&rsquo;est gr\u00e2ce \u00e0 vous que cette journ\u00e9e a [&hellip;]","og_url":"https:\/\/www.weberverpackungen.de\/fr\/gagnants-du-jeu-concours-organise-a-loccasion-de-la-journee-de-la-formation\/","og_site_name":"WEBER Verpackungen","article_published_time":"2025-12-11T09:44:05+00:00","article_modified_time":"2026-07-13T13:35:16+00:00","og_image":[{"width":1060,"height":680,"url":"https:\/\/www.weberverpackungen.de\/wp-content\/uploads\/2026\/03\/Gewinner-Tag-der-ausbildung.png","type":"image\/png"}],"author":"Felix Pl\u00fcmper","twitter_card":"summary_large_image","twitter_misc":{"\u00c9crit par":"Felix Pl\u00fcmper","Dur\u00e9e de lecture estim\u00e9e":"1 minute"},"schema":{"@context":"https:\/\/schema.org","@graph":[{"@type":"Article","@id":"https:\/\/www.weberverpackungen.de\/fr\/gagnants-du-jeu-concours-organise-a-loccasion-de-la-journee-de-la-formation\/#article","isPartOf":{"@id":"https:\/\/www.weberverpackungen.de\/fr\/gagnants-du-jeu-concours-organise-a-loccasion-de-la-journee-de-la-formation\/"},"author":{"name":"Felix Pl\u00fcmper","@id":"https:\/\/www.weberverpackungen.de\/fr\/#\/schema\/person\/58f6ef86ddffe82c7f24f28720605401"},"headline":"Gagnants du jeu-concours organis\u00e9 \u00e0 l&rsquo;occasion de la Journ\u00e9e de la formation","datePublished":"2025-12-11T09:44:05+00:00","dateModified":"2026-07-13T13:35:16+00:00","mainEntityOfPage":{"@id":"https:\/\/www.weberverpackungen.de\/fr\/gagnants-du-jeu-concours-organise-a-loccasion-de-la-journee-de-la-formation\/"},"wordCount":133,"image":{"@id":"https:\/\/www.weberverpackungen.de\/fr\/gagnants-du-jeu-concours-organise-a-loccasion-de-la-journee-de-la-formation\/#primaryimage"},"thumbnailUrl":"https:\/\/www.weberverpackungen.de\/wp-content\/uploads\/2026\/03\/Gewinner-Tag-der-ausbildung.png","inLanguage":"fr-FR"},{"@type":"WebPage","@id":"https:\/\/www.weberverpackungen.de\/fr\/gagnants-du-jeu-concours-organise-a-loccasion-de-la-journee-de-la-formation\/","url":"https:\/\/www.weberverpackungen.de\/fr\/gagnants-du-jeu-concours-organise-a-loccasion-de-la-journee-de-la-formation\/","name":"Gagnants du jeu-concours organis\u00e9 \u00e0 l'occasion de la Journ\u00e9e de la formation - WEBER Verpackungen","isPartOf":{"@id":"https:\/\/www.weberverpackungen.de\/fr\/#website"},"primaryImageOfPage":{"@id":"https:\/\/www.weberverpackungen.de\/fr\/gagnants-du-jeu-concours-organise-a-loccasion-de-la-journee-de-la-formation\/#primaryimage"},"image":{"@id":"https:\/\/www.weberverpackungen.de\/fr\/gagnants-du-jeu-concours-organise-a-loccasion-de-la-journee-de-la-formation\/#primaryimage"},"thumbnailUrl":"https:\/\/www.weberverpackungen.de\/wp-content\/uploads\/2026\/03\/Gewinner-Tag-der-ausbildung.png","datePublished":"2025-12-11T09:44:05+00:00","dateModified":"2026-07-13T13:35:16+00:00","author":{"@id":"https:\/\/www.weberverpackungen.de\/fr\/#\/schema\/person\/58f6ef86ddffe82c7f24f28720605401"},"breadcrumb":{"@id":"https:\/\/www.weberverpackungen.de\/fr\/gagnants-du-jeu-concours-organise-a-loccasion-de-la-journee-de-la-formation\/#breadcrumb"},"inLanguage":"fr-FR","potentialAction":[{"@type":"ReadAction","target":["https:\/\/www.weberverpackungen.de\/fr\/gagnants-du-jeu-concours-organise-a-loccasion-de-la-journee-de-la-formation\/"]}]},{"@type":"ImageObject","inLanguage":"fr-FR","@id":"https:\/\/www.weberverpackungen.de\/fr\/gagnants-du-jeu-concours-organise-a-loccasion-de-la-journee-de-la-formation\/#primaryimage","url":"https:\/\/www.weberverpackungen.de\/wp-content\/uploads\/2026\/03\/Gewinner-Tag-der-ausbildung.png","contentUrl":"https:\/\/www.weberverpackungen.de\/wp-content\/uploads\/2026\/03\/Gewinner-Tag-der-ausbildung.png","width":1060,"height":680},{"@type":"BreadcrumbList","@id":"https:\/\/www.weberverpackungen.de\/fr\/gagnants-du-jeu-concours-organise-a-loccasion-de-la-journee-de-la-formation\/#breadcrumb","itemListElement":[{"@type":"ListItem","position":1,"name":"Start","item":"https:\/\/www.weberverpackungen.de\/fr\/"},{"@type":"ListItem","position":2,"name":"Gagnants du jeu-concours organis\u00e9 \u00e0 l&rsquo;occasion de la Journ\u00e9e de la formation"}]},{"@type":"WebSite","@id":"https:\/\/www.weberverpackungen.de\/fr\/#website","url":"https:\/\/www.weberverpackungen.de\/fr\/","name":"WEBER Verpackungen","description":"paper-based packaging","potentialAction":[{"@type":"SearchAction","target":{"@type":"EntryPoint","urlTemplate":"https:\/\/www.weberverpackungen.de\/fr\/?s={search_term_string}"},"query-input":{"@type":"PropertyValueSpecification","valueRequired":true,"valueName":"search_term_string"}}],"inLanguage":"fr-FR"},{"@type":"Person","@id":"https:\/\/www.weberverpackungen.de\/fr\/#\/schema\/person\/58f6ef86ddffe82c7f24f28720605401","name":"Felix Pl\u00fcmper","image":{"@type":"ImageObject","inLanguage":"fr-FR","@id":"https:\/\/secure.gravatar.com\/avatar\/7f79dc2d7e526ba84ff1ed709aeb3dae85b7eae14bad5e0d05f5488c836a21a4?s=96&d=mm&r=g","url":"https:\/\/secure.gravatar.com\/avatar\/7f79dc2d7e526ba84ff1ed709aeb3dae85b7eae14bad5e0d05f5488c836a21a4?s=96&d=mm&r=g","contentUrl":"https:\/\/secure.gravatar.com\/avatar\/7f79dc2d7e526ba84ff1ed709aeb3dae85b7eae14bad5e0d05f5488c836a21a4?s=96&d=mm&r=g","caption":"Felix Pl\u00fcmper"},"url":"https:\/\/www.weberverpackungen.de\/fr\/author\/felix-pluemper\/"}]}},"_links":{"self":[{"href":"https:\/\/www.weberverpackungen.de\/fr\/wp-json\/wp\/v2\/posts\/6873","targetHints":{"allow":["GET"]}}],"collection":[{"href":"https:\/\/www.weberverpackungen.de\/fr\/wp-json\/wp\/v2\/posts"}],"about":[{"href":"https:\/\/www.weberverpackungen.de\/fr\/wp-json\/wp\/v2\/types\/post"}],"author":[{"embeddable":true,"href":"https:\/\/www.weberverpackungen.de\/fr\/wp-json\/wp\/v2\/users\/7"}],"replies":[{"embeddable":true,"href":"https:\/\/www.weberverpackungen.de\/fr\/wp-json\/wp\/v2\/comments?post=6873"}],"version-history":[{"count":1,"href":"https:\/\/www.weberverpackungen.de\/fr\/wp-json\/wp\/v2\/posts\/6873\/revisions"}],"predecessor-version":[{"id":6876,"href":"https:\/\/www.weberverpackungen.de\/fr\/wp-json\/wp\/v2\/posts\/6873\/revisions\/6876"}],"wp:featuredmedia":[{"embeddable":true,"href":"https:\/\/www.weberverpackungen.de\/fr\/wp-json\/wp\/v2\/media\/6874"}],"wp:attachment":[{"href":"https:\/\/www.weberverpackungen.de\/fr\/wp-json\/wp\/v2\/media?parent=6873"}],"wp:term":[{"taxonomy":"category","embeddable":true,"href":"https:\/\/www.weberverpackungen.de\/fr\/wp-json\/wp\/v2\/categories?post=6873"},{"taxonomy":"post_tag","embeddable":true,"href":"https:\/\/www.weberverpackungen.de\/fr\/wp-json\/wp\/v2\/tags?post=6873"}],"curies":[{"name":"wp","href":"https:\/\/api.w.org\/{rel}","templated":true}]}}