{"id":6905,"date":"2025-11-05T11:43:39","date_gmt":"2025-11-05T10:43:39","guid":{"rendered":"https:\/\/weberverpackungen.de\/journee-de-la-formation\/"},"modified":"2026-07-13T15:35:16","modified_gmt":"2026-07-13T13:35:16","slug":"journee-de-la-formation","status":"publish","type":"post","link":"https:\/\/www.weberverpackungen.de\/fr\/journee-de-la-formation\/","title":{"rendered":"Journ\u00e9e de la formation"},"content":{"rendered":"\n<figure class=\"wp-block-image size-large\"><img loading=\"lazy\" decoding=\"async\" width=\"1024\" height=\"657\" src=\"https:\/\/www.weberverpackungen.de\/wp-content\/uploads\/2026\/05\/Tag-der-Ausbildung-1024x657.png\" alt=\"\" class=\"wp-image-5336\" style=\"aspect-ratio:1.5586222892264874\" srcset=\"https:\/\/www.weberverpackungen.de\/wp-content\/uploads\/2026\/05\/Tag-der-Ausbildung-1024x657.png 1024w, https:\/\/www.weberverpackungen.de\/wp-content\/uploads\/2026\/05\/Tag-der-Ausbildung-300x192.png 300w, https:\/\/www.weberverpackungen.de\/wp-content\/uploads\/2026\/05\/Tag-der-Ausbildung-768x493.png 768w, https:\/\/www.weberverpackungen.de\/wp-content\/uploads\/2026\/05\/Tag-der-Ausbildung.png 1060w\" sizes=\"auto, (max-width: 1024px) 100vw, 1024px\" \/><\/figure>\n\n<p class=\"wp-block-paragraph\"><\/p>\n\n<p class=\"wp-block-paragraph\">JOURN\u00c9E DE FORMATION le SAMEDI 15 novembre 2025 !<\/p>\n\n<p class=\"wp-block-paragraph\">En collaboration avec Hillebrand Coating et WHW Hillebrand, nous organisons une journ\u00e9e consacr\u00e9e \u00e0 la formation.<\/p>\n\n<p class=\"wp-block-paragraph\">Que vous r\u00e9serve cette visite ?<br\/>\u2013 Visite guid\u00e9e de l&rsquo;entreprise : nous vous montrons \u00e0 quel point les m\u00e9tiers chez nous sont passionnants et vari\u00e9s !<br\/>\u2013 Zoom sur les m\u00e9tiers d&rsquo;apprentissage :<br\/>o Technicien en technologies de l&rsquo;impression (h\/f\/d<br\/>o Op\u00e9rateur de machines et d&rsquo;installations (h\/f\/d<br\/>o Magasinier sp\u00e9cialis\u00e9 (h\/f\/d<\/p>\n\n<p class=\"wp-block-paragraph\">Et le meilleur dans tout \u00e7a ? Si vous vous rendez dans ces trois entreprises et que vous collectionnez les tampons, vous aurez la chance de participer \u00e0 un jeu-concours avec des lots passionnants \u00e0 gagner !<\/p>\n\n<p class=\"wp-block-paragraph\">Venez nous rendre visite, faites notre connaissance, et qui sait, vous trouverez peut-\u00eatre le m\u00e9tier de vos r\u00eaves !<\/p>\n\n<p class=\"wp-block-paragraph\">Quand ? 15 novembre 2025 | 10 h 00 \u2013 15 h 00<br\/>O\u00f9 ? Chez nous et chez nos partenaires<\/p>\n","protected":false},"excerpt":{"rendered":"<p>JOURN\u00c9E DE FORMATION le SAMEDI 15 novembre 2025 ! En collaboration avec Hillebrand Coating et WHW Hillebrand, nous organisons une journ\u00e9e consacr\u00e9e \u00e0 la formation. Que vous r\u00e9serve cette visite ?\u2013 Visite guid\u00e9e de l&rsquo;entreprise : nous vous montrons \u00e0 quel point les m\u00e9tiers chez nous sont passionnants et vari\u00e9s !\u2013 Zoom sur les m\u00e9tiers [&hellip;]<\/p>\n","protected":false},"author":7,"featured_media":6906,"comment_status":"open","ping_status":"open","sticky":false,"template":"","format":"standard","meta":{"_acf_changed":false,"footnotes":""},"categories":[24],"tags":[],"class_list":["post-6905","post","type-post","status-publish","format-standard","has-post-thumbnail","hentry","category-non-classe"],"acf":[],"yoast_head":"<!-- This site is optimized with the Yoast SEO plugin v28.3 - https:\/\/yoast.com\/product\/yoast-seo-wordpress\/ -->\n<title>Journ\u00e9e de la formation - WEBER Verpackungen<\/title>\n<meta name=\"robots\" content=\"index, follow, max-snippet:-1, max-image-preview:large, max-video-preview:-1\" \/>\n<link rel=\"canonical\" href=\"https:\/\/www.weberverpackungen.de\/fr\/journee-de-la-formation\/\" \/>\n<meta property=\"og:locale\" content=\"fr_FR\" \/>\n<meta property=\"og:type\" content=\"article\" \/>\n<meta property=\"og:title\" content=\"Journ\u00e9e de la formation - WEBER Verpackungen\" \/>\n<meta property=\"og:description\" content=\"JOURN\u00c9E DE FORMATION le SAMEDI 15 novembre 2025 ! En collaboration avec Hillebrand Coating et WHW Hillebrand, nous organisons une journ\u00e9e consacr\u00e9e \u00e0 la formation. Que vous r\u00e9serve cette visite ?\u2013 Visite guid\u00e9e de l&rsquo;entreprise : nous vous montrons \u00e0 quel point les m\u00e9tiers chez nous sont passionnants et vari\u00e9s !\u2013 Zoom sur les m\u00e9tiers [&hellip;]\" \/>\n<meta property=\"og:url\" content=\"https:\/\/www.weberverpackungen.de\/fr\/journee-de-la-formation\/\" \/>\n<meta property=\"og:site_name\" content=\"WEBER Verpackungen\" \/>\n<meta property=\"article:published_time\" content=\"2025-11-05T10:43:39+00:00\" \/>\n<meta property=\"article:modified_time\" content=\"2026-07-13T13:35:16+00:00\" \/>\n<meta property=\"og:image\" content=\"https:\/\/www.weberverpackungen.de\/wp-content\/uploads\/2026\/05\/Tag-der-Ausbildung.png\" \/>\n\t<meta property=\"og:image:width\" content=\"1060\" \/>\n\t<meta property=\"og:image:height\" content=\"680\" \/>\n\t<meta property=\"og:image:type\" content=\"image\/png\" \/>\n<meta name=\"author\" content=\"Felix Pl\u00fcmper\" \/>\n<meta name=\"twitter:card\" content=\"summary_large_image\" \/>\n<meta name=\"twitter:label1\" content=\"\u00c9crit par\" \/>\n\t<meta name=\"twitter:data1\" content=\"Felix Pl\u00fcmper\" \/>\n\t<meta name=\"twitter:label2\" content=\"Dur\u00e9e de lecture estim\u00e9e\" \/>\n\t<meta name=\"twitter:data2\" content=\"1 minute\" \/>\n<script type=\"application\/ld+json\" class=\"yoast-schema-graph\">{\"@context\":\"https:\\\/\\\/schema.org\",\"@graph\":[{\"@type\":\"Article\",\"@id\":\"https:\\\/\\\/www.weberverpackungen.de\\\/fr\\\/journee-de-la-formation\\\/#article\",\"isPartOf\":{\"@id\":\"https:\\\/\\\/www.weberverpackungen.de\\\/fr\\\/journee-de-la-formation\\\/\"},\"author\":{\"name\":\"Felix Pl\u00fcmper\",\"@id\":\"https:\\\/\\\/www.weberverpackungen.de\\\/fr\\\/#\\\/schema\\\/person\\\/58f6ef86ddffe82c7f24f28720605401\"},\"headline\":\"Journ\u00e9e de la formation\",\"datePublished\":\"2025-11-05T10:43:39+00:00\",\"dateModified\":\"2026-07-13T13:35:16+00:00\",\"mainEntityOfPage\":{\"@id\":\"https:\\\/\\\/www.weberverpackungen.de\\\/fr\\\/journee-de-la-formation\\\/\"},\"wordCount\":156,\"commentCount\":0,\"image\":{\"@id\":\"https:\\\/\\\/www.weberverpackungen.de\\\/fr\\\/journee-de-la-formation\\\/#primaryimage\"},\"thumbnailUrl\":\"https:\\\/\\\/www.weberverpackungen.de\\\/wp-content\\\/uploads\\\/2026\\\/05\\\/Tag-der-Ausbildung.png\",\"inLanguage\":\"fr-FR\",\"potentialAction\":[{\"@type\":\"CommentAction\",\"name\":\"Comment\",\"target\":[\"https:\\\/\\\/www.weberverpackungen.de\\\/fr\\\/journee-de-la-formation\\\/#respond\"]}]},{\"@type\":\"WebPage\",\"@id\":\"https:\\\/\\\/www.weberverpackungen.de\\\/fr\\\/journee-de-la-formation\\\/\",\"url\":\"https:\\\/\\\/www.weberverpackungen.de\\\/fr\\\/journee-de-la-formation\\\/\",\"name\":\"Journ\u00e9e de la formation - WEBER Verpackungen\",\"isPartOf\":{\"@id\":\"https:\\\/\\\/www.weberverpackungen.de\\\/fr\\\/#website\"},\"primaryImageOfPage\":{\"@id\":\"https:\\\/\\\/www.weberverpackungen.de\\\/fr\\\/journee-de-la-formation\\\/#primaryimage\"},\"image\":{\"@id\":\"https:\\\/\\\/www.weberverpackungen.de\\\/fr\\\/journee-de-la-formation\\\/#primaryimage\"},\"thumbnailUrl\":\"https:\\\/\\\/www.weberverpackungen.de\\\/wp-content\\\/uploads\\\/2026\\\/05\\\/Tag-der-Ausbildung.png\",\"datePublished\":\"2025-11-05T10:43:39+00:00\",\"dateModified\":\"2026-07-13T13:35:16+00:00\",\"author\":{\"@id\":\"https:\\\/\\\/www.weberverpackungen.de\\\/fr\\\/#\\\/schema\\\/person\\\/58f6ef86ddffe82c7f24f28720605401\"},\"breadcrumb\":{\"@id\":\"https:\\\/\\\/www.weberverpackungen.de\\\/fr\\\/journee-de-la-formation\\\/#breadcrumb\"},\"inLanguage\":\"fr-FR\",\"potentialAction\":[{\"@type\":\"ReadAction\",\"target\":[\"https:\\\/\\\/www.weberverpackungen.de\\\/fr\\\/journee-de-la-formation\\\/\"]}]},{\"@type\":\"ImageObject\",\"inLanguage\":\"fr-FR\",\"@id\":\"https:\\\/\\\/www.weberverpackungen.de\\\/fr\\\/journee-de-la-formation\\\/#primaryimage\",\"url\":\"https:\\\/\\\/www.weberverpackungen.de\\\/wp-content\\\/uploads\\\/2026\\\/05\\\/Tag-der-Ausbildung.png\",\"contentUrl\":\"https:\\\/\\\/www.weberverpackungen.de\\\/wp-content\\\/uploads\\\/2026\\\/05\\\/Tag-der-Ausbildung.png\",\"width\":1060,\"height\":680},{\"@type\":\"BreadcrumbList\",\"@id\":\"https:\\\/\\\/www.weberverpackungen.de\\\/fr\\\/journee-de-la-formation\\\/#breadcrumb\",\"itemListElement\":[{\"@type\":\"ListItem\",\"position\":1,\"name\":\"Start\",\"item\":\"https:\\\/\\\/www.weberverpackungen.de\\\/fr\\\/\"},{\"@type\":\"ListItem\",\"position\":2,\"name\":\"Journ\u00e9e de la formation\"}]},{\"@type\":\"WebSite\",\"@id\":\"https:\\\/\\\/www.weberverpackungen.de\\\/fr\\\/#website\",\"url\":\"https:\\\/\\\/www.weberverpackungen.de\\\/fr\\\/\",\"name\":\"WEBER Verpackungen\",\"description\":\"paper-based packaging\",\"potentialAction\":[{\"@type\":\"SearchAction\",\"target\":{\"@type\":\"EntryPoint\",\"urlTemplate\":\"https:\\\/\\\/www.weberverpackungen.de\\\/fr\\\/?s={search_term_string}\"},\"query-input\":{\"@type\":\"PropertyValueSpecification\",\"valueRequired\":true,\"valueName\":\"search_term_string\"}}],\"inLanguage\":\"fr-FR\"},{\"@type\":\"Person\",\"@id\":\"https:\\\/\\\/www.weberverpackungen.de\\\/fr\\\/#\\\/schema\\\/person\\\/58f6ef86ddffe82c7f24f28720605401\",\"name\":\"Felix Pl\u00fcmper\",\"image\":{\"@type\":\"ImageObject\",\"inLanguage\":\"fr-FR\",\"@id\":\"https:\\\/\\\/secure.gravatar.com\\\/avatar\\\/7f79dc2d7e526ba84ff1ed709aeb3dae85b7eae14bad5e0d05f5488c836a21a4?s=96&d=mm&r=g\",\"url\":\"https:\\\/\\\/secure.gravatar.com\\\/avatar\\\/7f79dc2d7e526ba84ff1ed709aeb3dae85b7eae14bad5e0d05f5488c836a21a4?s=96&d=mm&r=g\",\"contentUrl\":\"https:\\\/\\\/secure.gravatar.com\\\/avatar\\\/7f79dc2d7e526ba84ff1ed709aeb3dae85b7eae14bad5e0d05f5488c836a21a4?s=96&d=mm&r=g\",\"caption\":\"Felix Pl\u00fcmper\"},\"url\":\"https:\\\/\\\/www.weberverpackungen.de\\\/fr\\\/author\\\/felix-pluemper\\\/\"}]}<\/script>\n<!-- \/ Yoast SEO plugin. -->","yoast_head_json":{"title":"Journ\u00e9e de la formation - WEBER Verpackungen","robots":{"index":"index","follow":"follow","max-snippet":"max-snippet:-1","max-image-preview":"max-image-preview:large","max-video-preview":"max-video-preview:-1"},"canonical":"https:\/\/www.weberverpackungen.de\/fr\/journee-de-la-formation\/","og_locale":"fr_FR","og_type":"article","og_title":"Journ\u00e9e de la formation - WEBER Verpackungen","og_description":"JOURN\u00c9E DE FORMATION le SAMEDI 15 novembre 2025 ! En collaboration avec Hillebrand Coating et WHW Hillebrand, nous organisons une journ\u00e9e consacr\u00e9e \u00e0 la formation. Que vous r\u00e9serve cette visite ?\u2013 Visite guid\u00e9e de l&rsquo;entreprise : nous vous montrons \u00e0 quel point les m\u00e9tiers chez nous sont passionnants et vari\u00e9s !\u2013 Zoom sur les m\u00e9tiers [&hellip;]","og_url":"https:\/\/www.weberverpackungen.de\/fr\/journee-de-la-formation\/","og_site_name":"WEBER Verpackungen","article_published_time":"2025-11-05T10:43:39+00:00","article_modified_time":"2026-07-13T13:35:16+00:00","og_image":[{"width":1060,"height":680,"url":"https:\/\/www.weberverpackungen.de\/wp-content\/uploads\/2026\/05\/Tag-der-Ausbildung.png","type":"image\/png"}],"author":"Felix Pl\u00fcmper","twitter_card":"summary_large_image","twitter_misc":{"\u00c9crit par":"Felix Pl\u00fcmper","Dur\u00e9e de lecture estim\u00e9e":"1 minute"},"schema":{"@context":"https:\/\/schema.org","@graph":[{"@type":"Article","@id":"https:\/\/www.weberverpackungen.de\/fr\/journee-de-la-formation\/#article","isPartOf":{"@id":"https:\/\/www.weberverpackungen.de\/fr\/journee-de-la-formation\/"},"author":{"name":"Felix Pl\u00fcmper","@id":"https:\/\/www.weberverpackungen.de\/fr\/#\/schema\/person\/58f6ef86ddffe82c7f24f28720605401"},"headline":"Journ\u00e9e de la formation","datePublished":"2025-11-05T10:43:39+00:00","dateModified":"2026-07-13T13:35:16+00:00","mainEntityOfPage":{"@id":"https:\/\/www.weberverpackungen.de\/fr\/journee-de-la-formation\/"},"wordCount":156,"commentCount":0,"image":{"@id":"https:\/\/www.weberverpackungen.de\/fr\/journee-de-la-formation\/#primaryimage"},"thumbnailUrl":"https:\/\/www.weberverpackungen.de\/wp-content\/uploads\/2026\/05\/Tag-der-Ausbildung.png","inLanguage":"fr-FR","potentialAction":[{"@type":"CommentAction","name":"Comment","target":["https:\/\/www.weberverpackungen.de\/fr\/journee-de-la-formation\/#respond"]}]},{"@type":"WebPage","@id":"https:\/\/www.weberverpackungen.de\/fr\/journee-de-la-formation\/","url":"https:\/\/www.weberverpackungen.de\/fr\/journee-de-la-formation\/","name":"Journ\u00e9e de la formation - WEBER Verpackungen","isPartOf":{"@id":"https:\/\/www.weberverpackungen.de\/fr\/#website"},"primaryImageOfPage":{"@id":"https:\/\/www.weberverpackungen.de\/fr\/journee-de-la-formation\/#primaryimage"},"image":{"@id":"https:\/\/www.weberverpackungen.de\/fr\/journee-de-la-formation\/#primaryimage"},"thumbnailUrl":"https:\/\/www.weberverpackungen.de\/wp-content\/uploads\/2026\/05\/Tag-der-Ausbildung.png","datePublished":"2025-11-05T10:43:39+00:00","dateModified":"2026-07-13T13:35:16+00:00","author":{"@id":"https:\/\/www.weberverpackungen.de\/fr\/#\/schema\/person\/58f6ef86ddffe82c7f24f28720605401"},"breadcrumb":{"@id":"https:\/\/www.weberverpackungen.de\/fr\/journee-de-la-formation\/#breadcrumb"},"inLanguage":"fr-FR","potentialAction":[{"@type":"ReadAction","target":["https:\/\/www.weberverpackungen.de\/fr\/journee-de-la-formation\/"]}]},{"@type":"ImageObject","inLanguage":"fr-FR","@id":"https:\/\/www.weberverpackungen.de\/fr\/journee-de-la-formation\/#primaryimage","url":"https:\/\/www.weberverpackungen.de\/wp-content\/uploads\/2026\/05\/Tag-der-Ausbildung.png","contentUrl":"https:\/\/www.weberverpackungen.de\/wp-content\/uploads\/2026\/05\/Tag-der-Ausbildung.png","width":1060,"height":680},{"@type":"BreadcrumbList","@id":"https:\/\/www.weberverpackungen.de\/fr\/journee-de-la-formation\/#breadcrumb","itemListElement":[{"@type":"ListItem","position":1,"name":"Start","item":"https:\/\/www.weberverpackungen.de\/fr\/"},{"@type":"ListItem","position":2,"name":"Journ\u00e9e de la formation"}]},{"@type":"WebSite","@id":"https:\/\/www.weberverpackungen.de\/fr\/#website","url":"https:\/\/www.weberverpackungen.de\/fr\/","name":"WEBER Verpackungen","description":"paper-based packaging","potentialAction":[{"@type":"SearchAction","target":{"@type":"EntryPoint","urlTemplate":"https:\/\/www.weberverpackungen.de\/fr\/?s={search_term_string}"},"query-input":{"@type":"PropertyValueSpecification","valueRequired":true,"valueName":"search_term_string"}}],"inLanguage":"fr-FR"},{"@type":"Person","@id":"https:\/\/www.weberverpackungen.de\/fr\/#\/schema\/person\/58f6ef86ddffe82c7f24f28720605401","name":"Felix Pl\u00fcmper","image":{"@type":"ImageObject","inLanguage":"fr-FR","@id":"https:\/\/secure.gravatar.com\/avatar\/7f79dc2d7e526ba84ff1ed709aeb3dae85b7eae14bad5e0d05f5488c836a21a4?s=96&d=mm&r=g","url":"https:\/\/secure.gravatar.com\/avatar\/7f79dc2d7e526ba84ff1ed709aeb3dae85b7eae14bad5e0d05f5488c836a21a4?s=96&d=mm&r=g","contentUrl":"https:\/\/secure.gravatar.com\/avatar\/7f79dc2d7e526ba84ff1ed709aeb3dae85b7eae14bad5e0d05f5488c836a21a4?s=96&d=mm&r=g","caption":"Felix Pl\u00fcmper"},"url":"https:\/\/www.weberverpackungen.de\/fr\/author\/felix-pluemper\/"}]}},"_links":{"self":[{"href":"https:\/\/www.weberverpackungen.de\/fr\/wp-json\/wp\/v2\/posts\/6905","targetHints":{"allow":["GET"]}}],"collection":[{"href":"https:\/\/www.weberverpackungen.de\/fr\/wp-json\/wp\/v2\/posts"}],"about":[{"href":"https:\/\/www.weberverpackungen.de\/fr\/wp-json\/wp\/v2\/types\/post"}],"author":[{"embeddable":true,"href":"https:\/\/www.weberverpackungen.de\/fr\/wp-json\/wp\/v2\/users\/7"}],"replies":[{"embeddable":true,"href":"https:\/\/www.weberverpackungen.de\/fr\/wp-json\/wp\/v2\/comments?post=6905"}],"version-history":[{"count":1,"href":"https:\/\/www.weberverpackungen.de\/fr\/wp-json\/wp\/v2\/posts\/6905\/revisions"}],"predecessor-version":[{"id":6907,"href":"https:\/\/www.weberverpackungen.de\/fr\/wp-json\/wp\/v2\/posts\/6905\/revisions\/6907"}],"wp:featuredmedia":[{"embeddable":true,"href":"https:\/\/www.weberverpackungen.de\/fr\/wp-json\/wp\/v2\/media\/6906"}],"wp:attachment":[{"href":"https:\/\/www.weberverpackungen.de\/fr\/wp-json\/wp\/v2\/media?parent=6905"}],"wp:term":[{"taxonomy":"category","embeddable":true,"href":"https:\/\/www.weberverpackungen.de\/fr\/wp-json\/wp\/v2\/categories?post=6905"},{"taxonomy":"post_tag","embeddable":true,"href":"https:\/\/www.weberverpackungen.de\/fr\/wp-json\/wp\/v2\/tags?post=6905"}],"curies":[{"name":"wp","href":"https:\/\/api.w.org\/{rel}","templated":true}]}}