{"id":9476,"date":"2026-06-24T12:52:00","date_gmt":"2026-06-24T10:52:00","guid":{"rendered":"https:\/\/www.weberverpackungen.de\/le-patron-fait-un-barbecue-et-christa-laide\/"},"modified":"2026-08-27T15:49:40","modified_gmt":"2026-08-27T13:49:40","slug":"le-patron-fait-un-barbecue-et-christa-laide","status":"publish","type":"post","link":"https:\/\/www.weberverpackungen.de\/fr\/le-patron-fait-un-barbecue-et-christa-laide\/","title":{"rendered":"Le patron fait un barbecue (et Christa l&rsquo;aide)"},"content":{"rendered":"\n<figure class=\"wp-block-image size-full is-resized\"><img loading=\"lazy\" decoding=\"async\" width=\"442\" height=\"790\" src=\"https:\/\/www.weberverpackungen.de\/wp-content\/uploads\/2026\/08\/Der-Chef-grillt.png\" alt=\"\" class=\"wp-image-8781\" style=\"aspect-ratio:0.5595051546391753;width:280px;height:auto\" srcset=\"https:\/\/www.weberverpackungen.de\/wp-content\/uploads\/2026\/08\/Der-Chef-grillt.png 442w, https:\/\/www.weberverpackungen.de\/wp-content\/uploads\/2026\/08\/Der-Chef-grillt-168x300.png 168w\" sizes=\"auto, (max-width: 442px) 100vw, 442px\" \/><\/figure>\n\n<p class=\"wp-block-paragraph\">Vendredi dernier, par une temp\u00e9rature agr\u00e9able de 34 \u00b0C, notre directeur g\u00e9n\u00e9ral, Carsten Schulze-Bentrop, a allum\u00e9 le barbecue pour l&rsquo;\u00e9quipe \u2013 honorant ainsi son pari : lors de notre f\u00eate d&rsquo;entreprise au printemps, il avait d\u00fb s&rsquo;avouer vaincu face \u00e0 nous, les collaborateurs, lors d&rsquo;un quiz \ud83d\ude04<\/p>\n\n<p class=\"wp-block-paragraph\">Nous avons b\u00e9n\u00e9fici\u00e9 du soutien actif de notre bonne \u00e2me, Christa : une \u00e9quipe imbattable au barbecue ! \ud83d\udc4f<\/p>\n\n<p class=\"wp-block-paragraph\">Entre les rayons du soleil, de d\u00e9licieuses saucisses grill\u00e9es et de bonnes conversations, nous avons pu profiter ensemble de quelques moments de d\u00e9tente et de bonne humeur.<\/p>\n\n<p class=\"wp-block-paragraph\">Nous avons tout de suite recueilli quelques impressions sur la fa\u00e7on dont le patron s&rsquo;est illustr\u00e9 en tant que ma\u00eetre du barbecue. \ud83d\ude05<\/p>\n\n<p class=\"wp-block-paragraph\">En r\u00e9sum\u00e9 : il pourrait le faire plus souvent \ud83e\udd1d<\/p>\n\n<p class=\"wp-block-paragraph\">C&rsquo;\u00e9tait super !<\/p>\n\n<p class=\"wp-block-paragraph\"><\/p>\n","protected":false},"excerpt":{"rendered":"<p>Vendredi dernier, par une temp\u00e9rature agr\u00e9able de 34 \u00b0C, notre directeur g\u00e9n\u00e9ral, Carsten Schulze-Bentrop, a allum\u00e9 le barbecue pour l&rsquo;\u00e9quipe \u2013 honorant ainsi son pari : lors de notre f\u00eate d&rsquo;entreprise au printemps, il avait d\u00fb s&rsquo;avouer vaincu face \u00e0 nous, les collaborateurs, lors d&rsquo;un quiz \ud83d\ude04 Nous avons b\u00e9n\u00e9fici\u00e9 du soutien actif de notre [&hellip;]<\/p>\n","protected":false},"author":7,"featured_media":8836,"comment_status":"open","ping_status":"open","sticky":false,"template":"","format":"standard","meta":{"_acf_changed":false,"footnotes":""},"categories":[24],"tags":[],"class_list":["post-9476","post","type-post","status-publish","format-standard","has-post-thumbnail","hentry","category-non-classe"],"acf":[],"yoast_head":"<!-- This site is optimized with the Yoast SEO plugin v28.3 - https:\/\/yoast.com\/product\/yoast-seo-wordpress\/ -->\n<title>Le patron fait un barbecue (et Christa l&#039;aide) - WEBER Verpackungen<\/title>\n<meta name=\"robots\" content=\"index, follow, max-snippet:-1, max-image-preview:large, max-video-preview:-1\" \/>\n<link rel=\"canonical\" href=\"https:\/\/www.weberverpackungen.de\/fr\/le-patron-fait-un-barbecue-et-christa-laide\/\" \/>\n<meta property=\"og:locale\" content=\"fr_FR\" \/>\n<meta property=\"og:type\" content=\"article\" \/>\n<meta property=\"og:title\" content=\"Le patron fait un barbecue (et Christa l&#039;aide) - WEBER Verpackungen\" \/>\n<meta property=\"og:description\" content=\"Vendredi dernier, par une temp\u00e9rature agr\u00e9able de 34 \u00b0C, notre directeur g\u00e9n\u00e9ral, Carsten Schulze-Bentrop, a allum\u00e9 le barbecue pour l&rsquo;\u00e9quipe \u2013 honorant ainsi son pari : lors de notre f\u00eate d&rsquo;entreprise au printemps, il avait d\u00fb s&rsquo;avouer vaincu face \u00e0 nous, les collaborateurs, lors d&rsquo;un quiz \ud83d\ude04 Nous avons b\u00e9n\u00e9fici\u00e9 du soutien actif de notre [&hellip;]\" \/>\n<meta property=\"og:url\" content=\"https:\/\/www.weberverpackungen.de\/fr\/le-patron-fait-un-barbecue-et-christa-laide\/\" \/>\n<meta property=\"og:site_name\" content=\"WEBER Verpackungen\" \/>\n<meta property=\"article:published_time\" content=\"2026-06-24T10:52:00+00:00\" \/>\n<meta property=\"article:modified_time\" content=\"2026-08-27T13:49:40+00:00\" \/>\n<meta property=\"og:image\" content=\"https:\/\/www.weberverpackungen.de\/wp-content\/uploads\/2026\/08\/Der-Chef-grillt.png\" \/>\n\t<meta property=\"og:image:width\" content=\"442\" \/>\n\t<meta property=\"og:image:height\" content=\"790\" \/>\n\t<meta property=\"og:image:type\" content=\"image\/png\" \/>\n<meta name=\"author\" content=\"Felix Pl\u00fcmper\" \/>\n<meta name=\"twitter:card\" content=\"summary_large_image\" \/>\n<meta name=\"twitter:label1\" content=\"\u00c9crit par\" \/>\n\t<meta name=\"twitter:data1\" content=\"Felix Pl\u00fcmper\" \/>\n\t<meta name=\"twitter:label2\" content=\"Dur\u00e9e de lecture estim\u00e9e\" \/>\n\t<meta name=\"twitter:data2\" content=\"1 minute\" \/>\n<script type=\"application\/ld+json\" class=\"yoast-schema-graph\">{\"@context\":\"https:\\\/\\\/schema.org\",\"@graph\":[{\"@type\":\"Article\",\"@id\":\"https:\\\/\\\/www.weberverpackungen.de\\\/fr\\\/le-patron-fait-un-barbecue-et-christa-laide\\\/#article\",\"isPartOf\":{\"@id\":\"https:\\\/\\\/www.weberverpackungen.de\\\/fr\\\/le-patron-fait-un-barbecue-et-christa-laide\\\/\"},\"author\":{\"name\":\"Felix Pl\u00fcmper\",\"@id\":\"https:\\\/\\\/www.weberverpackungen.de\\\/fr\\\/#\\\/schema\\\/person\\\/58f6ef86ddffe82c7f24f28720605401\"},\"headline\":\"Le patron fait un barbecue (et Christa l&rsquo;aide)\",\"datePublished\":\"2026-06-24T10:52:00+00:00\",\"dateModified\":\"2026-08-27T13:49:40+00:00\",\"mainEntityOfPage\":{\"@id\":\"https:\\\/\\\/www.weberverpackungen.de\\\/fr\\\/le-patron-fait-un-barbecue-et-christa-laide\\\/\"},\"wordCount\":145,\"commentCount\":0,\"image\":{\"@id\":\"https:\\\/\\\/www.weberverpackungen.de\\\/fr\\\/le-patron-fait-un-barbecue-et-christa-laide\\\/#primaryimage\"},\"thumbnailUrl\":\"https:\\\/\\\/www.weberverpackungen.de\\\/wp-content\\\/uploads\\\/2026\\\/08\\\/Der-Chef-grillt.png\",\"inLanguage\":\"fr-FR\",\"potentialAction\":[{\"@type\":\"CommentAction\",\"name\":\"Comment\",\"target\":[\"https:\\\/\\\/www.weberverpackungen.de\\\/fr\\\/le-patron-fait-un-barbecue-et-christa-laide\\\/#respond\"]}]},{\"@type\":\"WebPage\",\"@id\":\"https:\\\/\\\/www.weberverpackungen.de\\\/fr\\\/le-patron-fait-un-barbecue-et-christa-laide\\\/\",\"url\":\"https:\\\/\\\/www.weberverpackungen.de\\\/fr\\\/le-patron-fait-un-barbecue-et-christa-laide\\\/\",\"name\":\"Le patron fait un barbecue (et Christa l'aide) - WEBER Verpackungen\",\"isPartOf\":{\"@id\":\"https:\\\/\\\/www.weberverpackungen.de\\\/fr\\\/#website\"},\"primaryImageOfPage\":{\"@id\":\"https:\\\/\\\/www.weberverpackungen.de\\\/fr\\\/le-patron-fait-un-barbecue-et-christa-laide\\\/#primaryimage\"},\"image\":{\"@id\":\"https:\\\/\\\/www.weberverpackungen.de\\\/fr\\\/le-patron-fait-un-barbecue-et-christa-laide\\\/#primaryimage\"},\"thumbnailUrl\":\"https:\\\/\\\/www.weberverpackungen.de\\\/wp-content\\\/uploads\\\/2026\\\/08\\\/Der-Chef-grillt.png\",\"datePublished\":\"2026-06-24T10:52:00+00:00\",\"dateModified\":\"2026-08-27T13:49:40+00:00\",\"author\":{\"@id\":\"https:\\\/\\\/www.weberverpackungen.de\\\/fr\\\/#\\\/schema\\\/person\\\/58f6ef86ddffe82c7f24f28720605401\"},\"breadcrumb\":{\"@id\":\"https:\\\/\\\/www.weberverpackungen.de\\\/fr\\\/le-patron-fait-un-barbecue-et-christa-laide\\\/#breadcrumb\"},\"inLanguage\":\"fr-FR\",\"potentialAction\":[{\"@type\":\"ReadAction\",\"target\":[\"https:\\\/\\\/www.weberverpackungen.de\\\/fr\\\/le-patron-fait-un-barbecue-et-christa-laide\\\/\"]}]},{\"@type\":\"ImageObject\",\"inLanguage\":\"fr-FR\",\"@id\":\"https:\\\/\\\/www.weberverpackungen.de\\\/fr\\\/le-patron-fait-un-barbecue-et-christa-laide\\\/#primaryimage\",\"url\":\"https:\\\/\\\/www.weberverpackungen.de\\\/wp-content\\\/uploads\\\/2026\\\/08\\\/Der-Chef-grillt.png\",\"contentUrl\":\"https:\\\/\\\/www.weberverpackungen.de\\\/wp-content\\\/uploads\\\/2026\\\/08\\\/Der-Chef-grillt.png\",\"width\":442,\"height\":790},{\"@type\":\"BreadcrumbList\",\"@id\":\"https:\\\/\\\/www.weberverpackungen.de\\\/fr\\\/le-patron-fait-un-barbecue-et-christa-laide\\\/#breadcrumb\",\"itemListElement\":[{\"@type\":\"ListItem\",\"position\":1,\"name\":\"Start\",\"item\":\"https:\\\/\\\/www.weberverpackungen.de\\\/fr\\\/\"},{\"@type\":\"ListItem\",\"position\":2,\"name\":\"Le patron fait un barbecue (et Christa l&rsquo;aide)\"}]},{\"@type\":\"WebSite\",\"@id\":\"https:\\\/\\\/www.weberverpackungen.de\\\/fr\\\/#website\",\"url\":\"https:\\\/\\\/www.weberverpackungen.de\\\/fr\\\/\",\"name\":\"WEBER Verpackungen\",\"description\":\"paper-based packaging\",\"potentialAction\":[{\"@type\":\"SearchAction\",\"target\":{\"@type\":\"EntryPoint\",\"urlTemplate\":\"https:\\\/\\\/www.weberverpackungen.de\\\/fr\\\/?s={search_term_string}\"},\"query-input\":{\"@type\":\"PropertyValueSpecification\",\"valueRequired\":true,\"valueName\":\"search_term_string\"}}],\"inLanguage\":\"fr-FR\"},{\"@type\":\"Person\",\"@id\":\"https:\\\/\\\/www.weberverpackungen.de\\\/fr\\\/#\\\/schema\\\/person\\\/58f6ef86ddffe82c7f24f28720605401\",\"name\":\"Felix Pl\u00fcmper\",\"image\":{\"@type\":\"ImageObject\",\"inLanguage\":\"fr-FR\",\"@id\":\"https:\\\/\\\/secure.gravatar.com\\\/avatar\\\/7f79dc2d7e526ba84ff1ed709aeb3dae85b7eae14bad5e0d05f5488c836a21a4?s=96&d=mm&r=g\",\"url\":\"https:\\\/\\\/secure.gravatar.com\\\/avatar\\\/7f79dc2d7e526ba84ff1ed709aeb3dae85b7eae14bad5e0d05f5488c836a21a4?s=96&d=mm&r=g\",\"contentUrl\":\"https:\\\/\\\/secure.gravatar.com\\\/avatar\\\/7f79dc2d7e526ba84ff1ed709aeb3dae85b7eae14bad5e0d05f5488c836a21a4?s=96&d=mm&r=g\",\"caption\":\"Felix Pl\u00fcmper\"},\"url\":\"https:\\\/\\\/www.weberverpackungen.de\\\/fr\\\/author\\\/felix-pluemper\\\/\"}]}<\/script>\n<!-- \/ Yoast SEO plugin. -->","yoast_head_json":{"title":"Le patron fait un barbecue (et Christa l'aide) - WEBER Verpackungen","robots":{"index":"index","follow":"follow","max-snippet":"max-snippet:-1","max-image-preview":"max-image-preview:large","max-video-preview":"max-video-preview:-1"},"canonical":"https:\/\/www.weberverpackungen.de\/fr\/le-patron-fait-un-barbecue-et-christa-laide\/","og_locale":"fr_FR","og_type":"article","og_title":"Le patron fait un barbecue (et Christa l'aide) - WEBER Verpackungen","og_description":"Vendredi dernier, par une temp\u00e9rature agr\u00e9able de 34 \u00b0C, notre directeur g\u00e9n\u00e9ral, Carsten Schulze-Bentrop, a allum\u00e9 le barbecue pour l&rsquo;\u00e9quipe \u2013 honorant ainsi son pari : lors de notre f\u00eate d&rsquo;entreprise au printemps, il avait d\u00fb s&rsquo;avouer vaincu face \u00e0 nous, les collaborateurs, lors d&rsquo;un quiz \ud83d\ude04 Nous avons b\u00e9n\u00e9fici\u00e9 du soutien actif de notre [&hellip;]","og_url":"https:\/\/www.weberverpackungen.de\/fr\/le-patron-fait-un-barbecue-et-christa-laide\/","og_site_name":"WEBER Verpackungen","article_published_time":"2026-06-24T10:52:00+00:00","article_modified_time":"2026-08-27T13:49:40+00:00","og_image":[{"width":442,"height":790,"url":"https:\/\/www.weberverpackungen.de\/wp-content\/uploads\/2026\/08\/Der-Chef-grillt.png","type":"image\/png"}],"author":"Felix Pl\u00fcmper","twitter_card":"summary_large_image","twitter_misc":{"\u00c9crit par":"Felix Pl\u00fcmper","Dur\u00e9e de lecture estim\u00e9e":"1 minute"},"schema":{"@context":"https:\/\/schema.org","@graph":[{"@type":"Article","@id":"https:\/\/www.weberverpackungen.de\/fr\/le-patron-fait-un-barbecue-et-christa-laide\/#article","isPartOf":{"@id":"https:\/\/www.weberverpackungen.de\/fr\/le-patron-fait-un-barbecue-et-christa-laide\/"},"author":{"name":"Felix Pl\u00fcmper","@id":"https:\/\/www.weberverpackungen.de\/fr\/#\/schema\/person\/58f6ef86ddffe82c7f24f28720605401"},"headline":"Le patron fait un barbecue (et Christa l&rsquo;aide)","datePublished":"2026-06-24T10:52:00+00:00","dateModified":"2026-08-27T13:49:40+00:00","mainEntityOfPage":{"@id":"https:\/\/www.weberverpackungen.de\/fr\/le-patron-fait-un-barbecue-et-christa-laide\/"},"wordCount":145,"commentCount":0,"image":{"@id":"https:\/\/www.weberverpackungen.de\/fr\/le-patron-fait-un-barbecue-et-christa-laide\/#primaryimage"},"thumbnailUrl":"https:\/\/www.weberverpackungen.de\/wp-content\/uploads\/2026\/08\/Der-Chef-grillt.png","inLanguage":"fr-FR","potentialAction":[{"@type":"CommentAction","name":"Comment","target":["https:\/\/www.weberverpackungen.de\/fr\/le-patron-fait-un-barbecue-et-christa-laide\/#respond"]}]},{"@type":"WebPage","@id":"https:\/\/www.weberverpackungen.de\/fr\/le-patron-fait-un-barbecue-et-christa-laide\/","url":"https:\/\/www.weberverpackungen.de\/fr\/le-patron-fait-un-barbecue-et-christa-laide\/","name":"Le patron fait un barbecue (et Christa l'aide) - WEBER Verpackungen","isPartOf":{"@id":"https:\/\/www.weberverpackungen.de\/fr\/#website"},"primaryImageOfPage":{"@id":"https:\/\/www.weberverpackungen.de\/fr\/le-patron-fait-un-barbecue-et-christa-laide\/#primaryimage"},"image":{"@id":"https:\/\/www.weberverpackungen.de\/fr\/le-patron-fait-un-barbecue-et-christa-laide\/#primaryimage"},"thumbnailUrl":"https:\/\/www.weberverpackungen.de\/wp-content\/uploads\/2026\/08\/Der-Chef-grillt.png","datePublished":"2026-06-24T10:52:00+00:00","dateModified":"2026-08-27T13:49:40+00:00","author":{"@id":"https:\/\/www.weberverpackungen.de\/fr\/#\/schema\/person\/58f6ef86ddffe82c7f24f28720605401"},"breadcrumb":{"@id":"https:\/\/www.weberverpackungen.de\/fr\/le-patron-fait-un-barbecue-et-christa-laide\/#breadcrumb"},"inLanguage":"fr-FR","potentialAction":[{"@type":"ReadAction","target":["https:\/\/www.weberverpackungen.de\/fr\/le-patron-fait-un-barbecue-et-christa-laide\/"]}]},{"@type":"ImageObject","inLanguage":"fr-FR","@id":"https:\/\/www.weberverpackungen.de\/fr\/le-patron-fait-un-barbecue-et-christa-laide\/#primaryimage","url":"https:\/\/www.weberverpackungen.de\/wp-content\/uploads\/2026\/08\/Der-Chef-grillt.png","contentUrl":"https:\/\/www.weberverpackungen.de\/wp-content\/uploads\/2026\/08\/Der-Chef-grillt.png","width":442,"height":790},{"@type":"BreadcrumbList","@id":"https:\/\/www.weberverpackungen.de\/fr\/le-patron-fait-un-barbecue-et-christa-laide\/#breadcrumb","itemListElement":[{"@type":"ListItem","position":1,"name":"Start","item":"https:\/\/www.weberverpackungen.de\/fr\/"},{"@type":"ListItem","position":2,"name":"Le patron fait un barbecue (et Christa l&rsquo;aide)"}]},{"@type":"WebSite","@id":"https:\/\/www.weberverpackungen.de\/fr\/#website","url":"https:\/\/www.weberverpackungen.de\/fr\/","name":"WEBER Verpackungen","description":"paper-based packaging","potentialAction":[{"@type":"SearchAction","target":{"@type":"EntryPoint","urlTemplate":"https:\/\/www.weberverpackungen.de\/fr\/?s={search_term_string}"},"query-input":{"@type":"PropertyValueSpecification","valueRequired":true,"valueName":"search_term_string"}}],"inLanguage":"fr-FR"},{"@type":"Person","@id":"https:\/\/www.weberverpackungen.de\/fr\/#\/schema\/person\/58f6ef86ddffe82c7f24f28720605401","name":"Felix Pl\u00fcmper","image":{"@type":"ImageObject","inLanguage":"fr-FR","@id":"https:\/\/secure.gravatar.com\/avatar\/7f79dc2d7e526ba84ff1ed709aeb3dae85b7eae14bad5e0d05f5488c836a21a4?s=96&d=mm&r=g","url":"https:\/\/secure.gravatar.com\/avatar\/7f79dc2d7e526ba84ff1ed709aeb3dae85b7eae14bad5e0d05f5488c836a21a4?s=96&d=mm&r=g","contentUrl":"https:\/\/secure.gravatar.com\/avatar\/7f79dc2d7e526ba84ff1ed709aeb3dae85b7eae14bad5e0d05f5488c836a21a4?s=96&d=mm&r=g","caption":"Felix Pl\u00fcmper"},"url":"https:\/\/www.weberverpackungen.de\/fr\/author\/felix-pluemper\/"}]}},"_links":{"self":[{"href":"https:\/\/www.weberverpackungen.de\/fr\/wp-json\/wp\/v2\/posts\/9476","targetHints":{"allow":["GET"]}}],"collection":[{"href":"https:\/\/www.weberverpackungen.de\/fr\/wp-json\/wp\/v2\/posts"}],"about":[{"href":"https:\/\/www.weberverpackungen.de\/fr\/wp-json\/wp\/v2\/types\/post"}],"author":[{"embeddable":true,"href":"https:\/\/www.weberverpackungen.de\/fr\/wp-json\/wp\/v2\/users\/7"}],"replies":[{"embeddable":true,"href":"https:\/\/www.weberverpackungen.de\/fr\/wp-json\/wp\/v2\/comments?post=9476"}],"version-history":[{"count":1,"href":"https:\/\/www.weberverpackungen.de\/fr\/wp-json\/wp\/v2\/posts\/9476\/revisions"}],"predecessor-version":[{"id":9477,"href":"https:\/\/www.weberverpackungen.de\/fr\/wp-json\/wp\/v2\/posts\/9476\/revisions\/9477"}],"wp:featuredmedia":[{"embeddable":true,"href":"https:\/\/www.weberverpackungen.de\/fr\/wp-json\/wp\/v2\/media\/8836"}],"wp:attachment":[{"href":"https:\/\/www.weberverpackungen.de\/fr\/wp-json\/wp\/v2\/media?parent=9476"}],"wp:term":[{"taxonomy":"category","embeddable":true,"href":"https:\/\/www.weberverpackungen.de\/fr\/wp-json\/wp\/v2\/categories?post=9476"},{"taxonomy":"post_tag","embeddable":true,"href":"https:\/\/www.weberverpackungen.de\/fr\/wp-json\/wp\/v2\/tags?post=9476"}],"curies":[{"name":"wp","href":"https:\/\/api.w.org\/{rel}","templated":true}]}}