{"id":9482,"date":"2026-06-09T11:56:00","date_gmt":"2026-06-09T09:56:00","guid":{"rendered":"https:\/\/www.weberverpackungen.de\/note-aa-obtenue-lors-de-la-certification-brcgs-packaging-materials-version-7\/"},"modified":"2026-08-27T15:51:10","modified_gmt":"2026-08-27T13:51:10","slug":"note-aa-obtenue-lors-de-la-certification-brcgs-packaging-materials-version-7","status":"publish","type":"post","link":"https:\/\/www.weberverpackungen.de\/fr\/note-aa-obtenue-lors-de-la-certification-brcgs-packaging-materials-version-7\/","title":{"rendered":"Note \u00ab AA \u00bb obtenue lors de la certification BRCGS Packaging Materials, version 7"},"content":{"rendered":"\n<figure class=\"wp-block-image size-large is-resized\"><img loading=\"lazy\" decoding=\"async\" width=\"819\" height=\"1024\" src=\"https:\/\/www.weberverpackungen.de\/wp-content\/uploads\/2026\/08\/2026-819x1024.png\" alt=\"\" class=\"wp-image-8769\" style=\"aspect-ratio:0.7998056028048738;width:496px;height:auto\" srcset=\"https:\/\/www.weberverpackungen.de\/wp-content\/uploads\/2026\/08\/2026-819x1024.png 819w, https:\/\/www.weberverpackungen.de\/wp-content\/uploads\/2026\/08\/2026-240x300.png 240w, https:\/\/www.weberverpackungen.de\/wp-content\/uploads\/2026\/08\/2026-768x960.png 768w, https:\/\/www.weberverpackungen.de\/wp-content\/uploads\/2026\/08\/2026.png 1080w\" sizes=\"auto, (max-width: 819px) 100vw, 819px\" \/><\/figure>\n\n<p class=\"wp-block-paragraph\">Cette constance n&rsquo;est pas le fruit du hasard : en 2026 \u00e9galement, dans le cadre d&rsquo;un audit ind\u00e9pendant men\u00e9 par le T\u00dcV Rheinland conform\u00e9ment aux exigences de la norme BRCGS Packaging Materials Issue 7, nous avons de nouveau obtenu la meilleure note, \u00e0 savoir \u00ab AA \u00bb.<\/p>\n\n<p class=\"wp-block-paragraph\">Pour nous, ce r\u00e9sultat est bien plus qu\u2019une simple confirmation : il d\u00e9montre que nos normes \u00e9lev\u00e9es en mati\u00e8re de qualit\u00e9 et d\u2019hygi\u00e8ne ne sont pas seulement respect\u00e9es ponctuellement, mais qu\u2019elles sont appliqu\u00e9es en permanence au plus haut niveau. Dans un secteur o\u00f9 la s\u00e9curit\u00e9 et la fiabilit\u00e9 des produits sont d\u00e9terminantes, nous envoyons ainsi un message clair. <\/p>\n\n<p class=\"wp-block-paragraph\">La norme BRCGS relative aux mat\u00e9riaux d&#8217;emballage est synonyme, \u00e0 l&rsquo;\u00e9chelle mondiale, d&rsquo;exigences rigoureuses tout au long de la cha\u00eene de processus. Le fait que nous r\u00e9pondions \u00e0 ces exigences ann\u00e9e apr\u00e8s ann\u00e9e est le fruit de processus structur\u00e9s, d&rsquo;une optimisation continue et, surtout, d&rsquo;une \u00e9quipe solide. <\/p>\n\n<p class=\"wp-block-paragraph\">Nous tenons donc \u00e0 remercier tout particuli\u00e8rement l&rsquo;ensemble de nos collaborateurs qui, par leur engagement quotidien, leur sens des responsabilit\u00e9s et leur souci du d\u00e9tail, rendent ce succ\u00e8s possible.<\/p>\n\n<p class=\"wp-block-paragraph\">Pour nos clients, cela signifie avant tout une chose : la certitude de pouvoir compter \u00e0 tout moment sur une qualit\u00e9 constante et irr\u00e9prochable ainsi que sur des solutions d&#8217;emballage fiables.<\/p>\n\n<p class=\"wp-block-paragraph\"><\/p>\n","protected":false},"excerpt":{"rendered":"<p>Cette constance n&rsquo;est pas le fruit du hasard : en 2026 \u00e9galement, dans le cadre d&rsquo;un audit ind\u00e9pendant men\u00e9 par le T\u00dcV Rheinland conform\u00e9ment aux exigences de la norme BRCGS Packaging Materials Issue 7, nous avons de nouveau obtenu la meilleure note, \u00e0 savoir \u00ab AA \u00bb. Pour nous, ce r\u00e9sultat est bien plus qu\u2019une [&hellip;]<\/p>\n","protected":false},"author":7,"featured_media":8840,"comment_status":"open","ping_status":"open","sticky":false,"template":"","format":"standard","meta":{"_acf_changed":false,"footnotes":""},"categories":[24],"tags":[],"class_list":["post-9482","post","type-post","status-publish","format-standard","has-post-thumbnail","hentry","category-non-classe"],"acf":[],"yoast_head":"<!-- This site is optimized with the Yoast SEO plugin v28.3 - https:\/\/yoast.com\/product\/yoast-seo-wordpress\/ -->\n<title>Note \u00ab AA \u00bb obtenue lors de la certification BRCGS Packaging Materials, version 7 - WEBER Verpackungen<\/title>\n<meta name=\"robots\" content=\"index, follow, max-snippet:-1, max-image-preview:large, max-video-preview:-1\" \/>\n<link rel=\"canonical\" href=\"https:\/\/www.weberverpackungen.de\/fr\/note-aa-obtenue-lors-de-la-certification-brcgs-packaging-materials-version-7\/\" \/>\n<meta property=\"og:locale\" content=\"fr_FR\" \/>\n<meta property=\"og:type\" content=\"article\" \/>\n<meta property=\"og:title\" content=\"Note \u00ab AA \u00bb obtenue lors de la certification BRCGS Packaging Materials, version 7 - WEBER Verpackungen\" \/>\n<meta property=\"og:description\" content=\"Cette constance n&rsquo;est pas le fruit du hasard : en 2026 \u00e9galement, dans le cadre d&rsquo;un audit ind\u00e9pendant men\u00e9 par le T\u00dcV Rheinland conform\u00e9ment aux exigences de la norme BRCGS Packaging Materials Issue 7, nous avons de nouveau obtenu la meilleure note, \u00e0 savoir \u00ab AA \u00bb. Pour nous, ce r\u00e9sultat est bien plus qu\u2019une [&hellip;]\" \/>\n<meta property=\"og:url\" content=\"https:\/\/www.weberverpackungen.de\/fr\/note-aa-obtenue-lors-de-la-certification-brcgs-packaging-materials-version-7\/\" \/>\n<meta property=\"og:site_name\" content=\"WEBER Verpackungen\" \/>\n<meta property=\"article:published_time\" content=\"2026-06-09T09:56:00+00:00\" \/>\n<meta property=\"article:modified_time\" content=\"2026-08-27T13:51:10+00:00\" \/>\n<meta property=\"og:image\" content=\"https:\/\/www.weberverpackungen.de\/wp-content\/uploads\/2026\/08\/2026.png\" \/>\n\t<meta property=\"og:image:width\" content=\"1080\" \/>\n\t<meta property=\"og:image:height\" content=\"1350\" \/>\n\t<meta property=\"og:image:type\" content=\"image\/png\" \/>\n<meta name=\"author\" content=\"Felix Pl\u00fcmper\" \/>\n<meta name=\"twitter:card\" content=\"summary_large_image\" \/>\n<meta name=\"twitter:label1\" content=\"\u00c9crit par\" \/>\n\t<meta name=\"twitter:data1\" content=\"Felix Pl\u00fcmper\" \/>\n\t<meta name=\"twitter:label2\" content=\"Dur\u00e9e de lecture estim\u00e9e\" \/>\n\t<meta name=\"twitter:data2\" content=\"1 minute\" \/>\n<script type=\"application\/ld+json\" class=\"yoast-schema-graph\">{\"@context\":\"https:\\\/\\\/schema.org\",\"@graph\":[{\"@type\":\"Article\",\"@id\":\"https:\\\/\\\/www.weberverpackungen.de\\\/fr\\\/note-aa-obtenue-lors-de-la-certification-brcgs-packaging-materials-version-7\\\/#article\",\"isPartOf\":{\"@id\":\"https:\\\/\\\/www.weberverpackungen.de\\\/fr\\\/note-aa-obtenue-lors-de-la-certification-brcgs-packaging-materials-version-7\\\/\"},\"author\":{\"name\":\"Felix Pl\u00fcmper\",\"@id\":\"https:\\\/\\\/www.weberverpackungen.de\\\/fr\\\/#\\\/schema\\\/person\\\/58f6ef86ddffe82c7f24f28720605401\"},\"headline\":\"Note \u00ab AA \u00bb obtenue lors de la certification BRCGS Packaging Materials, version 7\",\"datePublished\":\"2026-06-09T09:56:00+00:00\",\"dateModified\":\"2026-08-27T13:51:10+00:00\",\"mainEntityOfPage\":{\"@id\":\"https:\\\/\\\/www.weberverpackungen.de\\\/fr\\\/note-aa-obtenue-lors-de-la-certification-brcgs-packaging-materials-version-7\\\/\"},\"wordCount\":247,\"commentCount\":0,\"image\":{\"@id\":\"https:\\\/\\\/www.weberverpackungen.de\\\/fr\\\/note-aa-obtenue-lors-de-la-certification-brcgs-packaging-materials-version-7\\\/#primaryimage\"},\"thumbnailUrl\":\"https:\\\/\\\/www.weberverpackungen.de\\\/wp-content\\\/uploads\\\/2026\\\/08\\\/2026.png\",\"inLanguage\":\"fr-FR\",\"potentialAction\":[{\"@type\":\"CommentAction\",\"name\":\"Comment\",\"target\":[\"https:\\\/\\\/www.weberverpackungen.de\\\/fr\\\/note-aa-obtenue-lors-de-la-certification-brcgs-packaging-materials-version-7\\\/#respond\"]}]},{\"@type\":\"WebPage\",\"@id\":\"https:\\\/\\\/www.weberverpackungen.de\\\/fr\\\/note-aa-obtenue-lors-de-la-certification-brcgs-packaging-materials-version-7\\\/\",\"url\":\"https:\\\/\\\/www.weberverpackungen.de\\\/fr\\\/note-aa-obtenue-lors-de-la-certification-brcgs-packaging-materials-version-7\\\/\",\"name\":\"Note \u00ab AA \u00bb obtenue lors de la certification BRCGS Packaging Materials, version 7 - WEBER Verpackungen\",\"isPartOf\":{\"@id\":\"https:\\\/\\\/www.weberverpackungen.de\\\/fr\\\/#website\"},\"primaryImageOfPage\":{\"@id\":\"https:\\\/\\\/www.weberverpackungen.de\\\/fr\\\/note-aa-obtenue-lors-de-la-certification-brcgs-packaging-materials-version-7\\\/#primaryimage\"},\"image\":{\"@id\":\"https:\\\/\\\/www.weberverpackungen.de\\\/fr\\\/note-aa-obtenue-lors-de-la-certification-brcgs-packaging-materials-version-7\\\/#primaryimage\"},\"thumbnailUrl\":\"https:\\\/\\\/www.weberverpackungen.de\\\/wp-content\\\/uploads\\\/2026\\\/08\\\/2026.png\",\"datePublished\":\"2026-06-09T09:56:00+00:00\",\"dateModified\":\"2026-08-27T13:51:10+00:00\",\"author\":{\"@id\":\"https:\\\/\\\/www.weberverpackungen.de\\\/fr\\\/#\\\/schema\\\/person\\\/58f6ef86ddffe82c7f24f28720605401\"},\"breadcrumb\":{\"@id\":\"https:\\\/\\\/www.weberverpackungen.de\\\/fr\\\/note-aa-obtenue-lors-de-la-certification-brcgs-packaging-materials-version-7\\\/#breadcrumb\"},\"inLanguage\":\"fr-FR\",\"potentialAction\":[{\"@type\":\"ReadAction\",\"target\":[\"https:\\\/\\\/www.weberverpackungen.de\\\/fr\\\/note-aa-obtenue-lors-de-la-certification-brcgs-packaging-materials-version-7\\\/\"]}]},{\"@type\":\"ImageObject\",\"inLanguage\":\"fr-FR\",\"@id\":\"https:\\\/\\\/www.weberverpackungen.de\\\/fr\\\/note-aa-obtenue-lors-de-la-certification-brcgs-packaging-materials-version-7\\\/#primaryimage\",\"url\":\"https:\\\/\\\/www.weberverpackungen.de\\\/wp-content\\\/uploads\\\/2026\\\/08\\\/2026.png\",\"contentUrl\":\"https:\\\/\\\/www.weberverpackungen.de\\\/wp-content\\\/uploads\\\/2026\\\/08\\\/2026.png\",\"width\":1080,\"height\":1350},{\"@type\":\"BreadcrumbList\",\"@id\":\"https:\\\/\\\/www.weberverpackungen.de\\\/fr\\\/note-aa-obtenue-lors-de-la-certification-brcgs-packaging-materials-version-7\\\/#breadcrumb\",\"itemListElement\":[{\"@type\":\"ListItem\",\"position\":1,\"name\":\"Start\",\"item\":\"https:\\\/\\\/www.weberverpackungen.de\\\/fr\\\/\"},{\"@type\":\"ListItem\",\"position\":2,\"name\":\"Note \u00ab AA \u00bb obtenue lors de la certification BRCGS Packaging Materials, version 7\"}]},{\"@type\":\"WebSite\",\"@id\":\"https:\\\/\\\/www.weberverpackungen.de\\\/fr\\\/#website\",\"url\":\"https:\\\/\\\/www.weberverpackungen.de\\\/fr\\\/\",\"name\":\"WEBER Verpackungen\",\"description\":\"paper-based packaging\",\"potentialAction\":[{\"@type\":\"SearchAction\",\"target\":{\"@type\":\"EntryPoint\",\"urlTemplate\":\"https:\\\/\\\/www.weberverpackungen.de\\\/fr\\\/?s={search_term_string}\"},\"query-input\":{\"@type\":\"PropertyValueSpecification\",\"valueRequired\":true,\"valueName\":\"search_term_string\"}}],\"inLanguage\":\"fr-FR\"},{\"@type\":\"Person\",\"@id\":\"https:\\\/\\\/www.weberverpackungen.de\\\/fr\\\/#\\\/schema\\\/person\\\/58f6ef86ddffe82c7f24f28720605401\",\"name\":\"Felix Pl\u00fcmper\",\"image\":{\"@type\":\"ImageObject\",\"inLanguage\":\"fr-FR\",\"@id\":\"https:\\\/\\\/secure.gravatar.com\\\/avatar\\\/7f79dc2d7e526ba84ff1ed709aeb3dae85b7eae14bad5e0d05f5488c836a21a4?s=96&d=mm&r=g\",\"url\":\"https:\\\/\\\/secure.gravatar.com\\\/avatar\\\/7f79dc2d7e526ba84ff1ed709aeb3dae85b7eae14bad5e0d05f5488c836a21a4?s=96&d=mm&r=g\",\"contentUrl\":\"https:\\\/\\\/secure.gravatar.com\\\/avatar\\\/7f79dc2d7e526ba84ff1ed709aeb3dae85b7eae14bad5e0d05f5488c836a21a4?s=96&d=mm&r=g\",\"caption\":\"Felix Pl\u00fcmper\"},\"url\":\"https:\\\/\\\/www.weberverpackungen.de\\\/fr\\\/author\\\/felix-pluemper\\\/\"}]}<\/script>\n<!-- \/ Yoast SEO plugin. -->","yoast_head_json":{"title":"Note \u00ab AA \u00bb obtenue lors de la certification BRCGS Packaging Materials, version 7 - WEBER Verpackungen","robots":{"index":"index","follow":"follow","max-snippet":"max-snippet:-1","max-image-preview":"max-image-preview:large","max-video-preview":"max-video-preview:-1"},"canonical":"https:\/\/www.weberverpackungen.de\/fr\/note-aa-obtenue-lors-de-la-certification-brcgs-packaging-materials-version-7\/","og_locale":"fr_FR","og_type":"article","og_title":"Note \u00ab AA \u00bb obtenue lors de la certification BRCGS Packaging Materials, version 7 - WEBER Verpackungen","og_description":"Cette constance n&rsquo;est pas le fruit du hasard : en 2026 \u00e9galement, dans le cadre d&rsquo;un audit ind\u00e9pendant men\u00e9 par le T\u00dcV Rheinland conform\u00e9ment aux exigences de la norme BRCGS Packaging Materials Issue 7, nous avons de nouveau obtenu la meilleure note, \u00e0 savoir \u00ab AA \u00bb. Pour nous, ce r\u00e9sultat est bien plus qu\u2019une [&hellip;]","og_url":"https:\/\/www.weberverpackungen.de\/fr\/note-aa-obtenue-lors-de-la-certification-brcgs-packaging-materials-version-7\/","og_site_name":"WEBER Verpackungen","article_published_time":"2026-06-09T09:56:00+00:00","article_modified_time":"2026-08-27T13:51:10+00:00","og_image":[{"width":1080,"height":1350,"url":"https:\/\/www.weberverpackungen.de\/wp-content\/uploads\/2026\/08\/2026.png","type":"image\/png"}],"author":"Felix Pl\u00fcmper","twitter_card":"summary_large_image","twitter_misc":{"\u00c9crit par":"Felix Pl\u00fcmper","Dur\u00e9e de lecture estim\u00e9e":"1 minute"},"schema":{"@context":"https:\/\/schema.org","@graph":[{"@type":"Article","@id":"https:\/\/www.weberverpackungen.de\/fr\/note-aa-obtenue-lors-de-la-certification-brcgs-packaging-materials-version-7\/#article","isPartOf":{"@id":"https:\/\/www.weberverpackungen.de\/fr\/note-aa-obtenue-lors-de-la-certification-brcgs-packaging-materials-version-7\/"},"author":{"name":"Felix Pl\u00fcmper","@id":"https:\/\/www.weberverpackungen.de\/fr\/#\/schema\/person\/58f6ef86ddffe82c7f24f28720605401"},"headline":"Note \u00ab AA \u00bb obtenue lors de la certification BRCGS Packaging Materials, version 7","datePublished":"2026-06-09T09:56:00+00:00","dateModified":"2026-08-27T13:51:10+00:00","mainEntityOfPage":{"@id":"https:\/\/www.weberverpackungen.de\/fr\/note-aa-obtenue-lors-de-la-certification-brcgs-packaging-materials-version-7\/"},"wordCount":247,"commentCount":0,"image":{"@id":"https:\/\/www.weberverpackungen.de\/fr\/note-aa-obtenue-lors-de-la-certification-brcgs-packaging-materials-version-7\/#primaryimage"},"thumbnailUrl":"https:\/\/www.weberverpackungen.de\/wp-content\/uploads\/2026\/08\/2026.png","inLanguage":"fr-FR","potentialAction":[{"@type":"CommentAction","name":"Comment","target":["https:\/\/www.weberverpackungen.de\/fr\/note-aa-obtenue-lors-de-la-certification-brcgs-packaging-materials-version-7\/#respond"]}]},{"@type":"WebPage","@id":"https:\/\/www.weberverpackungen.de\/fr\/note-aa-obtenue-lors-de-la-certification-brcgs-packaging-materials-version-7\/","url":"https:\/\/www.weberverpackungen.de\/fr\/note-aa-obtenue-lors-de-la-certification-brcgs-packaging-materials-version-7\/","name":"Note \u00ab AA \u00bb obtenue lors de la certification BRCGS Packaging Materials, version 7 - WEBER Verpackungen","isPartOf":{"@id":"https:\/\/www.weberverpackungen.de\/fr\/#website"},"primaryImageOfPage":{"@id":"https:\/\/www.weberverpackungen.de\/fr\/note-aa-obtenue-lors-de-la-certification-brcgs-packaging-materials-version-7\/#primaryimage"},"image":{"@id":"https:\/\/www.weberverpackungen.de\/fr\/note-aa-obtenue-lors-de-la-certification-brcgs-packaging-materials-version-7\/#primaryimage"},"thumbnailUrl":"https:\/\/www.weberverpackungen.de\/wp-content\/uploads\/2026\/08\/2026.png","datePublished":"2026-06-09T09:56:00+00:00","dateModified":"2026-08-27T13:51:10+00:00","author":{"@id":"https:\/\/www.weberverpackungen.de\/fr\/#\/schema\/person\/58f6ef86ddffe82c7f24f28720605401"},"breadcrumb":{"@id":"https:\/\/www.weberverpackungen.de\/fr\/note-aa-obtenue-lors-de-la-certification-brcgs-packaging-materials-version-7\/#breadcrumb"},"inLanguage":"fr-FR","potentialAction":[{"@type":"ReadAction","target":["https:\/\/www.weberverpackungen.de\/fr\/note-aa-obtenue-lors-de-la-certification-brcgs-packaging-materials-version-7\/"]}]},{"@type":"ImageObject","inLanguage":"fr-FR","@id":"https:\/\/www.weberverpackungen.de\/fr\/note-aa-obtenue-lors-de-la-certification-brcgs-packaging-materials-version-7\/#primaryimage","url":"https:\/\/www.weberverpackungen.de\/wp-content\/uploads\/2026\/08\/2026.png","contentUrl":"https:\/\/www.weberverpackungen.de\/wp-content\/uploads\/2026\/08\/2026.png","width":1080,"height":1350},{"@type":"BreadcrumbList","@id":"https:\/\/www.weberverpackungen.de\/fr\/note-aa-obtenue-lors-de-la-certification-brcgs-packaging-materials-version-7\/#breadcrumb","itemListElement":[{"@type":"ListItem","position":1,"name":"Start","item":"https:\/\/www.weberverpackungen.de\/fr\/"},{"@type":"ListItem","position":2,"name":"Note \u00ab AA \u00bb obtenue lors de la certification BRCGS Packaging Materials, version 7"}]},{"@type":"WebSite","@id":"https:\/\/www.weberverpackungen.de\/fr\/#website","url":"https:\/\/www.weberverpackungen.de\/fr\/","name":"WEBER Verpackungen","description":"paper-based packaging","potentialAction":[{"@type":"SearchAction","target":{"@type":"EntryPoint","urlTemplate":"https:\/\/www.weberverpackungen.de\/fr\/?s={search_term_string}"},"query-input":{"@type":"PropertyValueSpecification","valueRequired":true,"valueName":"search_term_string"}}],"inLanguage":"fr-FR"},{"@type":"Person","@id":"https:\/\/www.weberverpackungen.de\/fr\/#\/schema\/person\/58f6ef86ddffe82c7f24f28720605401","name":"Felix Pl\u00fcmper","image":{"@type":"ImageObject","inLanguage":"fr-FR","@id":"https:\/\/secure.gravatar.com\/avatar\/7f79dc2d7e526ba84ff1ed709aeb3dae85b7eae14bad5e0d05f5488c836a21a4?s=96&d=mm&r=g","url":"https:\/\/secure.gravatar.com\/avatar\/7f79dc2d7e526ba84ff1ed709aeb3dae85b7eae14bad5e0d05f5488c836a21a4?s=96&d=mm&r=g","contentUrl":"https:\/\/secure.gravatar.com\/avatar\/7f79dc2d7e526ba84ff1ed709aeb3dae85b7eae14bad5e0d05f5488c836a21a4?s=96&d=mm&r=g","caption":"Felix Pl\u00fcmper"},"url":"https:\/\/www.weberverpackungen.de\/fr\/author\/felix-pluemper\/"}]}},"_links":{"self":[{"href":"https:\/\/www.weberverpackungen.de\/fr\/wp-json\/wp\/v2\/posts\/9482","targetHints":{"allow":["GET"]}}],"collection":[{"href":"https:\/\/www.weberverpackungen.de\/fr\/wp-json\/wp\/v2\/posts"}],"about":[{"href":"https:\/\/www.weberverpackungen.de\/fr\/wp-json\/wp\/v2\/types\/post"}],"author":[{"embeddable":true,"href":"https:\/\/www.weberverpackungen.de\/fr\/wp-json\/wp\/v2\/users\/7"}],"replies":[{"embeddable":true,"href":"https:\/\/www.weberverpackungen.de\/fr\/wp-json\/wp\/v2\/comments?post=9482"}],"version-history":[{"count":1,"href":"https:\/\/www.weberverpackungen.de\/fr\/wp-json\/wp\/v2\/posts\/9482\/revisions"}],"predecessor-version":[{"id":9485,"href":"https:\/\/www.weberverpackungen.de\/fr\/wp-json\/wp\/v2\/posts\/9482\/revisions\/9485"}],"wp:featuredmedia":[{"embeddable":true,"href":"https:\/\/www.weberverpackungen.de\/fr\/wp-json\/wp\/v2\/media\/8840"}],"wp:attachment":[{"href":"https:\/\/www.weberverpackungen.de\/fr\/wp-json\/wp\/v2\/media?parent=9482"}],"wp:term":[{"taxonomy":"category","embeddable":true,"href":"https:\/\/www.weberverpackungen.de\/fr\/wp-json\/wp\/v2\/categories?post=9482"},{"taxonomy":"post_tag","embeddable":true,"href":"https:\/\/www.weberverpackungen.de\/fr\/wp-json\/wp\/v2\/tags?post=9482"}],"curies":[{"name":"wp","href":"https:\/\/api.w.org\/{rel}","templated":true}]}}